{"id":980,"date":"2019-09-14T22:25:12","date_gmt":"2019-09-14T20:25:12","guid":{"rendered":"http:\/\/www.pignanvtt.fr\/?p=980"},"modified":"2019-09-14T22:25:13","modified_gmt":"2019-09-14T20:25:13","slug":"photos-pignanaise-vtt-2019","status":"publish","type":"post","link":"http:\/\/www.pignanvtt.fr\/index.php\/2019\/09\/14\/photos-pignanaise-vtt-2019\/","title":{"rendered":"Photos Pignanaise VTT 2019"},"content":{"rendered":"\n<p><\/p>\n\n\n\n<p>Vous avez \u00e9t\u00e9 nombreux \u00e0 participer \u00e0 notre randonn\u00e9e et les photographes b\u00e9n\u00e9voles du club photo de Pignan ont eu du travail !<\/p>\n\n\n\n<p>Vous pourrez trouver les photos sur notre site facebook au fur et \u00e0 mesure que nous les recevrons . Abonnez vous \u00e0 la page pour recevoir les notifications !<\/p>\n\n\n\n<figure class=\"wp-block-embed-facebook wp-block-embed\"><div class=\"wp-block-embed__wrapper\">\nhttps:\/\/www.facebook.com\/pignanvtt.officiel\/\n<\/div><\/figure>\n\n\n\n<p><\/p>\n","protected":false},"excerpt":{"rendered":"<p>Vous avez \u00e9t\u00e9 nombreux \u00e0 participer \u00e0 notre randonn\u00e9e et les photographes b\u00e9n\u00e9voles du club photo de Pignan ont eu du travail ! Vous pourrez trouver les photos sur notre site facebook au fur et \u00e0 mesure que nous les recevrons . Abonnez vous \u00e0 la page pour recevoir les notifications !<\/p>\n","protected":false},"author":1,"featured_media":0,"comment_status":"closed","ping_status":"closed","sticky":false,"template":"","format":"standard","meta":{"footnotes":""},"categories":[1],"tags":[],"class_list":["post-980","post","type-post","status-publish","format-standard","hentry","category-non-classe"],"yoast_head":"<!-- This site is optimized with the Yoast SEO plugin v25.9 - https:\/\/yoast.com\/wordpress\/plugins\/seo\/ -->\n<title>Photos Pignanaise VTT 2019 &#171; Pignan VTT<\/title>\n<meta name=\"robots\" content=\"index, follow, max-snippet:-1, max-image-preview:large, max-video-preview:-1\" \/>\n<link rel=\"canonical\" href=\"http:\/\/www.pignanvtt.fr\/index.php\/2019\/09\/14\/photos-pignanaise-vtt-2019\/\" \/>\n<meta property=\"og:locale\" content=\"fr_FR\" \/>\n<meta property=\"og:type\" content=\"article\" \/>\n<meta property=\"og:title\" content=\"Photos Pignanaise VTT 2019 &#171; Pignan VTT\" \/>\n<meta property=\"og:description\" content=\"Vous avez \u00e9t\u00e9 nombreux \u00e0 participer \u00e0 notre randonn\u00e9e et les photographes b\u00e9n\u00e9voles du club photo de Pignan ont eu du travail ! Vous pourrez trouver les photos sur notre site facebook au fur et \u00e0 mesure que nous les recevrons . Abonnez vous \u00e0 la page pour recevoir les notifications !\" \/>\n<meta property=\"og:url\" content=\"http:\/\/www.pignanvtt.fr\/index.php\/2019\/09\/14\/photos-pignanaise-vtt-2019\/\" \/>\n<meta property=\"og:site_name\" content=\"Pignan VTT\" \/>\n<meta property=\"article:published_time\" content=\"2019-09-14T20:25:12+00:00\" \/>\n<meta property=\"article:modified_time\" content=\"2019-09-14T20:25:13+00:00\" \/>\n<meta name=\"author\" content=\"clubpignan\" \/>\n<meta name=\"twitter:card\" content=\"summary_large_image\" \/>\n<meta name=\"twitter:label1\" content=\"\u00c9crit par\" \/>\n\t<meta name=\"twitter:data1\" content=\"clubpignan\" \/>\n<script type=\"application\/ld+json\" class=\"yoast-schema-graph\">{\"@context\":\"https:\/\/schema.org\",\"@graph\":[{\"@type\":\"WebPage\",\"@id\":\"http:\/\/www.pignanvtt.fr\/index.php\/2019\/09\/14\/photos-pignanaise-vtt-2019\/\",\"url\":\"http:\/\/www.pignanvtt.fr\/index.php\/2019\/09\/14\/photos-pignanaise-vtt-2019\/\",\"name\":\"Photos Pignanaise VTT 2019 &#171; Pignan VTT\",\"isPartOf\":{\"@id\":\"http:\/\/www.pignanvtt.fr\/#website\"},\"datePublished\":\"2019-09-14T20:25:12+00:00\",\"dateModified\":\"2019-09-14T20:25:13+00:00\",\"author\":{\"@id\":\"http:\/\/www.pignanvtt.fr\/#\/schema\/person\/27ca9a22654ac32dc7fd65b7401300aa\"},\"breadcrumb\":{\"@id\":\"http:\/\/www.pignanvtt.fr\/index.php\/2019\/09\/14\/photos-pignanaise-vtt-2019\/#breadcrumb\"},\"inLanguage\":\"fr-FR\",\"potentialAction\":[{\"@type\":\"ReadAction\",\"target\":[\"http:\/\/www.pignanvtt.fr\/index.php\/2019\/09\/14\/photos-pignanaise-vtt-2019\/\"]}]},{\"@type\":\"BreadcrumbList\",\"@id\":\"http:\/\/www.pignanvtt.fr\/index.php\/2019\/09\/14\/photos-pignanaise-vtt-2019\/#breadcrumb\",\"itemListElement\":[{\"@type\":\"ListItem\",\"position\":1,\"name\":\"Accueil\",\"item\":\"http:\/\/www.pignanvtt.fr\/\"},{\"@type\":\"ListItem\",\"position\":2,\"name\":\"Photos Pignanaise VTT 2019\"}]},{\"@type\":\"WebSite\",\"@id\":\"http:\/\/www.pignanvtt.fr\/#website\",\"url\":\"http:\/\/www.pignanvtt.fr\/\",\"name\":\"Pignan VTT\",\"description\":\"Association Pignan VTT de la commune de PIGNAN (Languedoc-Roussillon, H\u00e9rault, 34)\",\"potentialAction\":[{\"@type\":\"SearchAction\",\"target\":{\"@type\":\"EntryPoint\",\"urlTemplate\":\"http:\/\/www.pignanvtt.fr\/?s={search_term_string}\"},\"query-input\":{\"@type\":\"PropertyValueSpecification\",\"valueRequired\":true,\"valueName\":\"search_term_string\"}}],\"inLanguage\":\"fr-FR\"},{\"@type\":\"Person\",\"@id\":\"http:\/\/www.pignanvtt.fr\/#\/schema\/person\/27ca9a22654ac32dc7fd65b7401300aa\",\"name\":\"clubpignan\",\"image\":{\"@type\":\"ImageObject\",\"inLanguage\":\"fr-FR\",\"@id\":\"http:\/\/www.pignanvtt.fr\/#\/schema\/person\/image\/\",\"url\":\"https:\/\/secure.gravatar.com\/avatar\/d75bececa1d9b0dea97b7864830c750e99456fd3c90e55fcf357bb11dc9f8245?s=96&d=mm&r=g\",\"contentUrl\":\"https:\/\/secure.gravatar.com\/avatar\/d75bececa1d9b0dea97b7864830c750e99456fd3c90e55fcf357bb11dc9f8245?s=96&d=mm&r=g\",\"caption\":\"clubpignan\"},\"url\":\"http:\/\/www.pignanvtt.fr\/index.php\/author\/clubpignan\/\"}]}<\/script>\n<!-- \/ Yoast SEO plugin. -->","yoast_head_json":{"title":"Photos Pignanaise VTT 2019 &#171; Pignan VTT","robots":{"index":"index","follow":"follow","max-snippet":"max-snippet:-1","max-image-preview":"max-image-preview:large","max-video-preview":"max-video-preview:-1"},"canonical":"http:\/\/www.pignanvtt.fr\/index.php\/2019\/09\/14\/photos-pignanaise-vtt-2019\/","og_locale":"fr_FR","og_type":"article","og_title":"Photos Pignanaise VTT 2019 &#171; Pignan VTT","og_description":"Vous avez \u00e9t\u00e9 nombreux \u00e0 participer \u00e0 notre randonn\u00e9e et les photographes b\u00e9n\u00e9voles du club photo de Pignan ont eu du travail ! Vous pourrez trouver les photos sur notre site facebook au fur et \u00e0 mesure que nous les recevrons . Abonnez vous \u00e0 la page pour recevoir les notifications !","og_url":"http:\/\/www.pignanvtt.fr\/index.php\/2019\/09\/14\/photos-pignanaise-vtt-2019\/","og_site_name":"Pignan VTT","article_published_time":"2019-09-14T20:25:12+00:00","article_modified_time":"2019-09-14T20:25:13+00:00","author":"clubpignan","twitter_card":"summary_large_image","twitter_misc":{"\u00c9crit par":"clubpignan"},"schema":{"@context":"https:\/\/schema.org","@graph":[{"@type":"WebPage","@id":"http:\/\/www.pignanvtt.fr\/index.php\/2019\/09\/14\/photos-pignanaise-vtt-2019\/","url":"http:\/\/www.pignanvtt.fr\/index.php\/2019\/09\/14\/photos-pignanaise-vtt-2019\/","name":"Photos Pignanaise VTT 2019 &#171; Pignan VTT","isPartOf":{"@id":"http:\/\/www.pignanvtt.fr\/#website"},"datePublished":"2019-09-14T20:25:12+00:00","dateModified":"2019-09-14T20:25:13+00:00","author":{"@id":"http:\/\/www.pignanvtt.fr\/#\/schema\/person\/27ca9a22654ac32dc7fd65b7401300aa"},"breadcrumb":{"@id":"http:\/\/www.pignanvtt.fr\/index.php\/2019\/09\/14\/photos-pignanaise-vtt-2019\/#breadcrumb"},"inLanguage":"fr-FR","potentialAction":[{"@type":"ReadAction","target":["http:\/\/www.pignanvtt.fr\/index.php\/2019\/09\/14\/photos-pignanaise-vtt-2019\/"]}]},{"@type":"BreadcrumbList","@id":"http:\/\/www.pignanvtt.fr\/index.php\/2019\/09\/14\/photos-pignanaise-vtt-2019\/#breadcrumb","itemListElement":[{"@type":"ListItem","position":1,"name":"Accueil","item":"http:\/\/www.pignanvtt.fr\/"},{"@type":"ListItem","position":2,"name":"Photos Pignanaise VTT 2019"}]},{"@type":"WebSite","@id":"http:\/\/www.pignanvtt.fr\/#website","url":"http:\/\/www.pignanvtt.fr\/","name":"Pignan VTT","description":"Association Pignan VTT de la commune de PIGNAN (Languedoc-Roussillon, H\u00e9rault, 34)","potentialAction":[{"@type":"SearchAction","target":{"@type":"EntryPoint","urlTemplate":"http:\/\/www.pignanvtt.fr\/?s={search_term_string}"},"query-input":{"@type":"PropertyValueSpecification","valueRequired":true,"valueName":"search_term_string"}}],"inLanguage":"fr-FR"},{"@type":"Person","@id":"http:\/\/www.pignanvtt.fr\/#\/schema\/person\/27ca9a22654ac32dc7fd65b7401300aa","name":"clubpignan","image":{"@type":"ImageObject","inLanguage":"fr-FR","@id":"http:\/\/www.pignanvtt.fr\/#\/schema\/person\/image\/","url":"https:\/\/secure.gravatar.com\/avatar\/d75bececa1d9b0dea97b7864830c750e99456fd3c90e55fcf357bb11dc9f8245?s=96&d=mm&r=g","contentUrl":"https:\/\/secure.gravatar.com\/avatar\/d75bececa1d9b0dea97b7864830c750e99456fd3c90e55fcf357bb11dc9f8245?s=96&d=mm&r=g","caption":"clubpignan"},"url":"http:\/\/www.pignanvtt.fr\/index.php\/author\/clubpignan\/"}]}},"_links":{"self":[{"href":"http:\/\/www.pignanvtt.fr\/index.php\/wp-json\/wp\/v2\/posts\/980","targetHints":{"allow":["GET"]}}],"collection":[{"href":"http:\/\/www.pignanvtt.fr\/index.php\/wp-json\/wp\/v2\/posts"}],"about":[{"href":"http:\/\/www.pignanvtt.fr\/index.php\/wp-json\/wp\/v2\/types\/post"}],"author":[{"embeddable":true,"href":"http:\/\/www.pignanvtt.fr\/index.php\/wp-json\/wp\/v2\/users\/1"}],"replies":[{"embeddable":true,"href":"http:\/\/www.pignanvtt.fr\/index.php\/wp-json\/wp\/v2\/comments?post=980"}],"version-history":[{"count":1,"href":"http:\/\/www.pignanvtt.fr\/index.php\/wp-json\/wp\/v2\/posts\/980\/revisions"}],"predecessor-version":[{"id":981,"href":"http:\/\/www.pignanvtt.fr\/index.php\/wp-json\/wp\/v2\/posts\/980\/revisions\/981"}],"wp:attachment":[{"href":"http:\/\/www.pignanvtt.fr\/index.php\/wp-json\/wp\/v2\/media?parent=980"}],"wp:term":[{"taxonomy":"category","embeddable":true,"href":"http:\/\/www.pignanvtt.fr\/index.php\/wp-json\/wp\/v2\/categories?post=980"},{"taxonomy":"post_tag","embeddable":true,"href":"http:\/\/www.pignanvtt.fr\/index.php\/wp-json\/wp\/v2\/tags?post=980"}],"curies":[{"name":"wp","href":"https:\/\/api.w.org\/{rel}","templated":true}]}}