{"id":844,"date":"2018-06-18T22:04:08","date_gmt":"2018-06-18T20:04:08","guid":{"rendered":"http:\/\/www.pignanvtt.fr\/?p=844"},"modified":"2018-06-18T22:04:08","modified_gmt":"2018-06-18T20:04:08","slug":"transpyr-jour-4","status":"publish","type":"post","link":"http:\/\/www.pignanvtt.fr\/index.php\/2018\/06\/18\/transpyr-jour-4\/","title":{"rendered":"TRANS\u2019PYR , JOUR 4"},"content":{"rendered":"<header class=\"entry-header\">\n<h1 class=\"entry-title\" style=\"text-align: center;\">Travers\u00e9e des Pyr\u00e9n\u00e9es en v\u00e9lo !<\/h1>\n<p>J4 Trans&rsquo;Pyr. Encore un grande journ\u00e9e du c\u00f4t\u00e9 des HAUTES tr\u00e9s hautes Pyr\u00e9n\u00e9es avec de superbes paysages de montagne de partout. Le plus haut col des Pyr\u00e9n\u00e9es a \u00e9t\u00e9 franchi aujourdhui, avec un enchainement Tourmalet\u00a0 puis\u00a0 le col d&rsquo;Aspin.\u00a0 \u00ab\u00a0Cot\u00e9 bronzage on en prend une couche typ\u00e9e cycliste ! ridicule !\u00a0\u00bb\u00a0 Dixit Jean-Fran\u00e7ois !<\/p>\n<p>Ils ont pris le temps de discuter avec une belle demoiselle et ont tent\u00e9 une approche audacieuse avec des produits\u00a0<span class=\"posthilit\">HIGH5<\/span>\u00ae ! Quels romantiques .<\/p>\n<p>Nos deux amis ont m\u00eame r\u00e9ussi a se faire interviewer\u00a0 par un journaliste du d\u00e9partement au col avec camera et tout. Nous devrions les retrouver prochainement sur le facebook et le site de la r\u00e9gion sur un article sur le cyclisme dans les hautes pyr\u00e9n\u00e9es. De vrai stars Yvan et Jean-Fran\u00e7ois. C\u00f4t\u00e9 v\u00e9lo c&rsquo;est simple c&rsquo;est tout \u00e0 gauche ou tout \u00e0 droite , les connaisseurs comprendront. 97 kms et environ \u00a02500m de D+ et 6h45 de roulage.\u00a0<img loading=\"lazy\" decoding=\"async\" class=\"aligncenter size-medium wp-image-852\" src=\"http:\/\/www.pignanvtt.fr\/pignanvtt\/wp-content\/uploads\/2018\/06\/IMG_2726-300x225.jpg\" alt=\"\" width=\"300\" height=\"225\" srcset=\"http:\/\/www.pignanvtt.fr\/wp-content\/uploads\/2018\/06\/IMG_2726-300x225.jpg 300w, http:\/\/www.pignanvtt.fr\/wp-content\/uploads\/2018\/06\/IMG_2726-768x576.jpg 768w, http:\/\/www.pignanvtt.fr\/wp-content\/uploads\/2018\/06\/IMG_2726-620x465.jpg 620w, http:\/\/www.pignanvtt.fr\/wp-content\/uploads\/2018\/06\/IMG_2726.jpg 960w\" sizes=\"auto, (max-width: 300px) 100vw, 300px\" \/><a href=\"http:\/\/www.pignanvtt.fr\/pignanvtt\/wp-content\/uploads\/2018\/06\/Resized_20180618_143452_7380.jpg\"><img loading=\"lazy\" decoding=\"async\" class=\"aligncenter size-medium wp-image-845\" src=\"http:\/\/www.pignanvtt.fr\/pignanvtt\/wp-content\/uploads\/2018\/06\/Resized_20180618_143452_7380-225x300.jpg\" alt=\"\" width=\"225\" height=\"300\" srcset=\"http:\/\/www.pignanvtt.fr\/wp-content\/uploads\/2018\/06\/Resized_20180618_143452_7380-225x300.jpg 225w, http:\/\/www.pignanvtt.fr\/wp-content\/uploads\/2018\/06\/Resized_20180618_143452_7380-620x827.jpg 620w, http:\/\/www.pignanvtt.fr\/wp-content\/uploads\/2018\/06\/Resized_20180618_143452_7380.jpg 720w\" sizes=\"auto, (max-width: 225px) 100vw, 225px\" \/><\/a> <a href=\"http:\/\/www.pignanvtt.fr\/pignanvtt\/wp-content\/uploads\/2018\/06\/IMG_2733.jpg\"><img loading=\"lazy\" decoding=\"async\" class=\"aligncenter size-medium wp-image-846\" src=\"http:\/\/www.pignanvtt.fr\/pignanvtt\/wp-content\/uploads\/2018\/06\/IMG_2733-225x300.jpg\" alt=\"\" width=\"225\" height=\"300\" srcset=\"http:\/\/www.pignanvtt.fr\/wp-content\/uploads\/2018\/06\/IMG_2733-225x300.jpg 225w, http:\/\/www.pignanvtt.fr\/wp-content\/uploads\/2018\/06\/IMG_2733-620x827.jpg 620w, http:\/\/www.pignanvtt.fr\/wp-content\/uploads\/2018\/06\/IMG_2733.jpg 720w\" sizes=\"auto, (max-width: 225px) 100vw, 225px\" \/><\/a> <a href=\"http:\/\/www.pignanvtt.fr\/pignanvtt\/wp-content\/uploads\/2018\/06\/IMG_2732.jpg\"><img loading=\"lazy\" decoding=\"async\" class=\"aligncenter size-medium wp-image-847\" src=\"http:\/\/www.pignanvtt.fr\/pignanvtt\/wp-content\/uploads\/2018\/06\/IMG_2732-225x300.jpg\" alt=\"\" width=\"225\" height=\"300\" srcset=\"http:\/\/www.pignanvtt.fr\/wp-content\/uploads\/2018\/06\/IMG_2732-225x300.jpg 225w, http:\/\/www.pignanvtt.fr\/wp-content\/uploads\/2018\/06\/IMG_2732-620x827.jpg 620w, http:\/\/www.pignanvtt.fr\/wp-content\/uploads\/2018\/06\/IMG_2732.jpg 720w\" sizes=\"auto, (max-width: 225px) 100vw, 225px\" \/><\/a> <a href=\"http:\/\/www.pignanvtt.fr\/pignanvtt\/wp-content\/uploads\/2018\/06\/IMG_2731.jpg\"><img loading=\"lazy\" decoding=\"async\" class=\"aligncenter size-medium wp-image-848\" src=\"http:\/\/www.pignanvtt.fr\/pignanvtt\/wp-content\/uploads\/2018\/06\/IMG_2731-300x225.jpg\" alt=\"\" width=\"300\" height=\"225\" srcset=\"http:\/\/www.pignanvtt.fr\/wp-content\/uploads\/2018\/06\/IMG_2731-300x225.jpg 300w, http:\/\/www.pignanvtt.fr\/wp-content\/uploads\/2018\/06\/IMG_2731-768x576.jpg 768w, http:\/\/www.pignanvtt.fr\/wp-content\/uploads\/2018\/06\/IMG_2731-620x465.jpg 620w, http:\/\/www.pignanvtt.fr\/wp-content\/uploads\/2018\/06\/IMG_2731.jpg 960w\" sizes=\"auto, (max-width: 300px) 100vw, 300px\" \/><\/a> <a href=\"http:\/\/www.pignanvtt.fr\/pignanvtt\/wp-content\/uploads\/2018\/06\/IMG_2730.jpg\"><img loading=\"lazy\" decoding=\"async\" class=\"aligncenter size-medium wp-image-849\" src=\"http:\/\/www.pignanvtt.fr\/pignanvtt\/wp-content\/uploads\/2018\/06\/IMG_2730-225x300.jpg\" alt=\"\" width=\"225\" height=\"300\" srcset=\"http:\/\/www.pignanvtt.fr\/wp-content\/uploads\/2018\/06\/IMG_2730-225x300.jpg 225w, http:\/\/www.pignanvtt.fr\/wp-content\/uploads\/2018\/06\/IMG_2730-620x827.jpg 620w, http:\/\/www.pignanvtt.fr\/wp-content\/uploads\/2018\/06\/IMG_2730.jpg 720w\" sizes=\"auto, (max-width: 225px) 100vw, 225px\" \/><\/a> <a href=\"http:\/\/www.pignanvtt.fr\/pignanvtt\/wp-content\/uploads\/2018\/06\/IMG_2729.jpg\"><img loading=\"lazy\" decoding=\"async\" class=\"aligncenter size-medium wp-image-850\" src=\"http:\/\/www.pignanvtt.fr\/pignanvtt\/wp-content\/uploads\/2018\/06\/IMG_2729-300x225.jpg\" alt=\"\" width=\"300\" height=\"225\" srcset=\"http:\/\/www.pignanvtt.fr\/wp-content\/uploads\/2018\/06\/IMG_2729-300x225.jpg 300w, http:\/\/www.pignanvtt.fr\/wp-content\/uploads\/2018\/06\/IMG_2729-620x465.jpg 620w, http:\/\/www.pignanvtt.fr\/wp-content\/uploads\/2018\/06\/IMG_2729.jpg 720w\" sizes=\"auto, (max-width: 300px) 100vw, 300px\" \/><\/a> <a href=\"http:\/\/www.pignanvtt.fr\/pignanvtt\/wp-content\/uploads\/2018\/06\/IMG_2727.jpg\"><img loading=\"lazy\" decoding=\"async\" class=\"aligncenter size-medium wp-image-851\" src=\"http:\/\/www.pignanvtt.fr\/pignanvtt\/wp-content\/uploads\/2018\/06\/IMG_2727-225x300.jpg\" alt=\"\" width=\"225\" height=\"300\" srcset=\"http:\/\/www.pignanvtt.fr\/wp-content\/uploads\/2018\/06\/IMG_2727-225x300.jpg 225w, http:\/\/www.pignanvtt.fr\/wp-content\/uploads\/2018\/06\/IMG_2727-620x827.jpg 620w, http:\/\/www.pignanvtt.fr\/wp-content\/uploads\/2018\/06\/IMG_2727.jpg 720w\" sizes=\"auto, (max-width: 225px) 100vw, 225px\" \/><\/a><\/p>\n<\/header>\n","protected":false},"excerpt":{"rendered":"<p>Travers\u00e9e des Pyr\u00e9n\u00e9es en v\u00e9lo ! J4 Trans&rsquo;Pyr. Encore un grande journ\u00e9e du c\u00f4t\u00e9 des HAUTES tr\u00e9s hautes Pyr\u00e9n\u00e9es avec de superbes paysages de montagne de partout. Le plus haut col des Pyr\u00e9n\u00e9es a \u00e9t\u00e9 franchi aujourdhui, avec un enchainement Tourmalet\u00a0 puis\u00a0 le col d&rsquo;Aspin.\u00a0 \u00ab\u00a0Cot\u00e9 bronzage on en prend une couche typ\u00e9e cycliste ! [&hellip;]<\/p>\n","protected":false},"author":1,"featured_media":0,"comment_status":"open","ping_status":"open","sticky":false,"template":"","format":"standard","meta":{"footnotes":""},"categories":[1],"tags":[],"class_list":["post-844","post","type-post","status-publish","format-standard","hentry","category-non-classe"],"yoast_head":"<!-- This site is optimized with the Yoast SEO plugin v25.9 - https:\/\/yoast.com\/wordpress\/plugins\/seo\/ -->\n<title>TRANS\u2019PYR , JOUR 4 &#171; Pignan VTT<\/title>\n<meta name=\"robots\" content=\"index, follow, max-snippet:-1, max-image-preview:large, max-video-preview:-1\" \/>\n<link rel=\"canonical\" href=\"http:\/\/www.pignanvtt.fr\/index.php\/2018\/06\/18\/transpyr-jour-4\/\" \/>\n<meta property=\"og:locale\" content=\"fr_FR\" \/>\n<meta property=\"og:type\" content=\"article\" \/>\n<meta property=\"og:title\" content=\"TRANS\u2019PYR , JOUR 4 &#171; Pignan VTT\" \/>\n<meta property=\"og:description\" content=\"Travers\u00e9e des Pyr\u00e9n\u00e9es en v\u00e9lo ! J4 Trans&rsquo;Pyr. Encore un grande journ\u00e9e du c\u00f4t\u00e9 des HAUTES tr\u00e9s hautes Pyr\u00e9n\u00e9es avec de superbes paysages de montagne de partout. Le plus haut col des Pyr\u00e9n\u00e9es a \u00e9t\u00e9 franchi aujourdhui, avec un enchainement Tourmalet\u00a0 puis\u00a0 le col d&rsquo;Aspin.\u00a0 \u00ab\u00a0Cot\u00e9 bronzage on en prend une couche typ\u00e9e cycliste ! [&hellip;]\" \/>\n<meta property=\"og:url\" content=\"http:\/\/www.pignanvtt.fr\/index.php\/2018\/06\/18\/transpyr-jour-4\/\" \/>\n<meta property=\"og:site_name\" content=\"Pignan VTT\" \/>\n<meta property=\"article:published_time\" content=\"2018-06-18T20:04:08+00:00\" \/>\n<meta property=\"og:image\" content=\"http:\/\/www.pignanvtt.fr\/pignanvtt\/wp-content\/uploads\/2018\/06\/IMG_2726-300x225.jpg\" \/>\n<meta name=\"author\" content=\"clubpignan\" \/>\n<meta name=\"twitter:card\" content=\"summary_large_image\" \/>\n<meta name=\"twitter:label1\" content=\"\u00c9crit par\" \/>\n\t<meta name=\"twitter:data1\" content=\"clubpignan\" \/>\n\t<meta name=\"twitter:label2\" content=\"Dur\u00e9e de lecture estim\u00e9e\" \/>\n\t<meta name=\"twitter:data2\" content=\"1 minute\" \/>\n<script type=\"application\/ld+json\" class=\"yoast-schema-graph\">{\"@context\":\"https:\/\/schema.org\",\"@graph\":[{\"@type\":\"WebPage\",\"@id\":\"http:\/\/www.pignanvtt.fr\/index.php\/2018\/06\/18\/transpyr-jour-4\/\",\"url\":\"http:\/\/www.pignanvtt.fr\/index.php\/2018\/06\/18\/transpyr-jour-4\/\",\"name\":\"TRANS\u2019PYR , JOUR 4 &#171; Pignan VTT\",\"isPartOf\":{\"@id\":\"http:\/\/www.pignanvtt.fr\/#website\"},\"primaryImageOfPage\":{\"@id\":\"http:\/\/www.pignanvtt.fr\/index.php\/2018\/06\/18\/transpyr-jour-4\/#primaryimage\"},\"image\":{\"@id\":\"http:\/\/www.pignanvtt.fr\/index.php\/2018\/06\/18\/transpyr-jour-4\/#primaryimage\"},\"thumbnailUrl\":\"http:\/\/www.pignanvtt.fr\/pignanvtt\/wp-content\/uploads\/2018\/06\/IMG_2726-300x225.jpg\",\"datePublished\":\"2018-06-18T20:04:08+00:00\",\"author\":{\"@id\":\"http:\/\/www.pignanvtt.fr\/#\/schema\/person\/27ca9a22654ac32dc7fd65b7401300aa\"},\"breadcrumb\":{\"@id\":\"http:\/\/www.pignanvtt.fr\/index.php\/2018\/06\/18\/transpyr-jour-4\/#breadcrumb\"},\"inLanguage\":\"fr-FR\",\"potentialAction\":[{\"@type\":\"ReadAction\",\"target\":[\"http:\/\/www.pignanvtt.fr\/index.php\/2018\/06\/18\/transpyr-jour-4\/\"]}]},{\"@type\":\"ImageObject\",\"inLanguage\":\"fr-FR\",\"@id\":\"http:\/\/www.pignanvtt.fr\/index.php\/2018\/06\/18\/transpyr-jour-4\/#primaryimage\",\"url\":\"http:\/\/www.pignanvtt.fr\/pignanvtt\/wp-content\/uploads\/2018\/06\/IMG_2726-300x225.jpg\",\"contentUrl\":\"http:\/\/www.pignanvtt.fr\/pignanvtt\/wp-content\/uploads\/2018\/06\/IMG_2726-300x225.jpg\"},{\"@type\":\"BreadcrumbList\",\"@id\":\"http:\/\/www.pignanvtt.fr\/index.php\/2018\/06\/18\/transpyr-jour-4\/#breadcrumb\",\"itemListElement\":[{\"@type\":\"ListItem\",\"position\":1,\"name\":\"Accueil\",\"item\":\"http:\/\/www.pignanvtt.fr\/\"},{\"@type\":\"ListItem\",\"position\":2,\"name\":\"TRANS\u2019PYR , JOUR 4\"}]},{\"@type\":\"WebSite\",\"@id\":\"http:\/\/www.pignanvtt.fr\/#website\",\"url\":\"http:\/\/www.pignanvtt.fr\/\",\"name\":\"Pignan VTT\",\"description\":\"Association Pignan VTT de la commune de PIGNAN (Languedoc-Roussillon, H\u00e9rault, 34)\",\"potentialAction\":[{\"@type\":\"SearchAction\",\"target\":{\"@type\":\"EntryPoint\",\"urlTemplate\":\"http:\/\/www.pignanvtt.fr\/?s={search_term_string}\"},\"query-input\":{\"@type\":\"PropertyValueSpecification\",\"valueRequired\":true,\"valueName\":\"search_term_string\"}}],\"inLanguage\":\"fr-FR\"},{\"@type\":\"Person\",\"@id\":\"http:\/\/www.pignanvtt.fr\/#\/schema\/person\/27ca9a22654ac32dc7fd65b7401300aa\",\"name\":\"clubpignan\",\"image\":{\"@type\":\"ImageObject\",\"inLanguage\":\"fr-FR\",\"@id\":\"http:\/\/www.pignanvtt.fr\/#\/schema\/person\/image\/\",\"url\":\"https:\/\/secure.gravatar.com\/avatar\/d75bececa1d9b0dea97b7864830c750e99456fd3c90e55fcf357bb11dc9f8245?s=96&d=mm&r=g\",\"contentUrl\":\"https:\/\/secure.gravatar.com\/avatar\/d75bececa1d9b0dea97b7864830c750e99456fd3c90e55fcf357bb11dc9f8245?s=96&d=mm&r=g\",\"caption\":\"clubpignan\"},\"url\":\"http:\/\/www.pignanvtt.fr\/index.php\/author\/clubpignan\/\"}]}<\/script>\n<!-- \/ Yoast SEO plugin. -->","yoast_head_json":{"title":"TRANS\u2019PYR , JOUR 4 &#171; Pignan VTT","robots":{"index":"index","follow":"follow","max-snippet":"max-snippet:-1","max-image-preview":"max-image-preview:large","max-video-preview":"max-video-preview:-1"},"canonical":"http:\/\/www.pignanvtt.fr\/index.php\/2018\/06\/18\/transpyr-jour-4\/","og_locale":"fr_FR","og_type":"article","og_title":"TRANS\u2019PYR , JOUR 4 &#171; Pignan VTT","og_description":"Travers\u00e9e des Pyr\u00e9n\u00e9es en v\u00e9lo ! J4 Trans&rsquo;Pyr. Encore un grande journ\u00e9e du c\u00f4t\u00e9 des HAUTES tr\u00e9s hautes Pyr\u00e9n\u00e9es avec de superbes paysages de montagne de partout. Le plus haut col des Pyr\u00e9n\u00e9es a \u00e9t\u00e9 franchi aujourdhui, avec un enchainement Tourmalet\u00a0 puis\u00a0 le col d&rsquo;Aspin.\u00a0 \u00ab\u00a0Cot\u00e9 bronzage on en prend une couche typ\u00e9e cycliste ! [&hellip;]","og_url":"http:\/\/www.pignanvtt.fr\/index.php\/2018\/06\/18\/transpyr-jour-4\/","og_site_name":"Pignan VTT","article_published_time":"2018-06-18T20:04:08+00:00","og_image":[{"url":"http:\/\/www.pignanvtt.fr\/pignanvtt\/wp-content\/uploads\/2018\/06\/IMG_2726-300x225.jpg","type":"","width":"","height":""}],"author":"clubpignan","twitter_card":"summary_large_image","twitter_misc":{"\u00c9crit par":"clubpignan","Dur\u00e9e de lecture estim\u00e9e":"1 minute"},"schema":{"@context":"https:\/\/schema.org","@graph":[{"@type":"WebPage","@id":"http:\/\/www.pignanvtt.fr\/index.php\/2018\/06\/18\/transpyr-jour-4\/","url":"http:\/\/www.pignanvtt.fr\/index.php\/2018\/06\/18\/transpyr-jour-4\/","name":"TRANS\u2019PYR , JOUR 4 &#171; Pignan VTT","isPartOf":{"@id":"http:\/\/www.pignanvtt.fr\/#website"},"primaryImageOfPage":{"@id":"http:\/\/www.pignanvtt.fr\/index.php\/2018\/06\/18\/transpyr-jour-4\/#primaryimage"},"image":{"@id":"http:\/\/www.pignanvtt.fr\/index.php\/2018\/06\/18\/transpyr-jour-4\/#primaryimage"},"thumbnailUrl":"http:\/\/www.pignanvtt.fr\/pignanvtt\/wp-content\/uploads\/2018\/06\/IMG_2726-300x225.jpg","datePublished":"2018-06-18T20:04:08+00:00","author":{"@id":"http:\/\/www.pignanvtt.fr\/#\/schema\/person\/27ca9a22654ac32dc7fd65b7401300aa"},"breadcrumb":{"@id":"http:\/\/www.pignanvtt.fr\/index.php\/2018\/06\/18\/transpyr-jour-4\/#breadcrumb"},"inLanguage":"fr-FR","potentialAction":[{"@type":"ReadAction","target":["http:\/\/www.pignanvtt.fr\/index.php\/2018\/06\/18\/transpyr-jour-4\/"]}]},{"@type":"ImageObject","inLanguage":"fr-FR","@id":"http:\/\/www.pignanvtt.fr\/index.php\/2018\/06\/18\/transpyr-jour-4\/#primaryimage","url":"http:\/\/www.pignanvtt.fr\/pignanvtt\/wp-content\/uploads\/2018\/06\/IMG_2726-300x225.jpg","contentUrl":"http:\/\/www.pignanvtt.fr\/pignanvtt\/wp-content\/uploads\/2018\/06\/IMG_2726-300x225.jpg"},{"@type":"BreadcrumbList","@id":"http:\/\/www.pignanvtt.fr\/index.php\/2018\/06\/18\/transpyr-jour-4\/#breadcrumb","itemListElement":[{"@type":"ListItem","position":1,"name":"Accueil","item":"http:\/\/www.pignanvtt.fr\/"},{"@type":"ListItem","position":2,"name":"TRANS\u2019PYR , JOUR 4"}]},{"@type":"WebSite","@id":"http:\/\/www.pignanvtt.fr\/#website","url":"http:\/\/www.pignanvtt.fr\/","name":"Pignan VTT","description":"Association Pignan VTT de la commune de PIGNAN (Languedoc-Roussillon, H\u00e9rault, 34)","potentialAction":[{"@type":"SearchAction","target":{"@type":"EntryPoint","urlTemplate":"http:\/\/www.pignanvtt.fr\/?s={search_term_string}"},"query-input":{"@type":"PropertyValueSpecification","valueRequired":true,"valueName":"search_term_string"}}],"inLanguage":"fr-FR"},{"@type":"Person","@id":"http:\/\/www.pignanvtt.fr\/#\/schema\/person\/27ca9a22654ac32dc7fd65b7401300aa","name":"clubpignan","image":{"@type":"ImageObject","inLanguage":"fr-FR","@id":"http:\/\/www.pignanvtt.fr\/#\/schema\/person\/image\/","url":"https:\/\/secure.gravatar.com\/avatar\/d75bececa1d9b0dea97b7864830c750e99456fd3c90e55fcf357bb11dc9f8245?s=96&d=mm&r=g","contentUrl":"https:\/\/secure.gravatar.com\/avatar\/d75bececa1d9b0dea97b7864830c750e99456fd3c90e55fcf357bb11dc9f8245?s=96&d=mm&r=g","caption":"clubpignan"},"url":"http:\/\/www.pignanvtt.fr\/index.php\/author\/clubpignan\/"}]}},"_links":{"self":[{"href":"http:\/\/www.pignanvtt.fr\/index.php\/wp-json\/wp\/v2\/posts\/844","targetHints":{"allow":["GET"]}}],"collection":[{"href":"http:\/\/www.pignanvtt.fr\/index.php\/wp-json\/wp\/v2\/posts"}],"about":[{"href":"http:\/\/www.pignanvtt.fr\/index.php\/wp-json\/wp\/v2\/types\/post"}],"author":[{"embeddable":true,"href":"http:\/\/www.pignanvtt.fr\/index.php\/wp-json\/wp\/v2\/users\/1"}],"replies":[{"embeddable":true,"href":"http:\/\/www.pignanvtt.fr\/index.php\/wp-json\/wp\/v2\/comments?post=844"}],"version-history":[{"count":1,"href":"http:\/\/www.pignanvtt.fr\/index.php\/wp-json\/wp\/v2\/posts\/844\/revisions"}],"predecessor-version":[{"id":853,"href":"http:\/\/www.pignanvtt.fr\/index.php\/wp-json\/wp\/v2\/posts\/844\/revisions\/853"}],"wp:attachment":[{"href":"http:\/\/www.pignanvtt.fr\/index.php\/wp-json\/wp\/v2\/media?parent=844"}],"wp:term":[{"taxonomy":"category","embeddable":true,"href":"http:\/\/www.pignanvtt.fr\/index.php\/wp-json\/wp\/v2\/categories?post=844"},{"taxonomy":"post_tag","embeddable":true,"href":"http:\/\/www.pignanvtt.fr\/index.php\/wp-json\/wp\/v2\/tags?post=844"}],"curies":[{"name":"wp","href":"https:\/\/api.w.org\/{rel}","templated":true}]}}