{"id":656,"date":"2017-09-04T09:43:44","date_gmt":"2017-09-04T07:43:44","guid":{"rendered":"http:\/\/www.pignanvtt.fr\/?p=656"},"modified":"2017-09-15T10:01:05","modified_gmt":"2017-09-15T08:01:05","slug":"cest-aussi-la-rentree-pour-nous","status":"publish","type":"post","link":"http:\/\/www.pignanvtt.fr\/index.php\/2017\/09\/04\/cest-aussi-la-rentree-pour-nous\/","title":{"rendered":"C&rsquo;est aussi la rentr\u00e9e pour nous"},"content":{"rendered":"<h1 style=\"text-align: center;\">SAISON 2017-2018<\/h1>\n<p>Vous avez \u00e9t\u00e9 tr\u00e8s nombreux \u00e0 venir nous voir ce dimanche 3 sept au forum des associations et nous vous en remercions.<\/p>\n<p>Ayant \u00e9t\u00e9 \u00e0 court de bulletins, vous trouverez les informations et pouvez t\u00e9l\u00e9charger les bulletins d&rsquo;inscriptions <a href=\"http:\/\/www.pignanvtt.fr\/index.php\/adhesion-pignan-vtt\/\">sur cette page<\/a>.<\/p>\n<p>Nous organisons une <strong>sortie d&rsquo;accueil<\/strong> pour les nouveaux membres et ceux qui souhaitent tout simplement faire un essai avant de se d\u00e9cider.<\/p>\n<p>Cette sortie aura lieu le <strong>dimanche 17 sept 2017<\/strong> aussi bien pour la route que le VTT.<\/p>\n<p>Le RDV a lieu \u00e0 la <strong>cave ol\u00e9icole de Pignan \u00e0 8H<\/strong>, \u00a0pour une sortie d\u00e9couverte et conviviale encadr\u00e9e par les membres de l&rsquo;association.<\/p>\n<p>Bien s\u00fbr , casque obligatoire, gants tr\u00e8s recommand\u00e9s, et de l&rsquo;eau en quantit\u00e9 suffisante (sac a dos avec poche \u00e0 eau ou bouteille , pr\u00e9voir au min une gourde de 750 ml pour les routards)<\/p>\n<p>Sportivement,<\/p>\n<p>L&rsquo;\u00e9quipe de Pignan VTT<\/p>\n","protected":false},"excerpt":{"rendered":"<p>SAISON 2017-2018 Vous avez \u00e9t\u00e9 tr\u00e8s nombreux \u00e0 venir nous voir ce dimanche 3 sept au forum des associations et nous vous en remercions. Ayant \u00e9t\u00e9 \u00e0 court de bulletins, vous trouverez les informations et pouvez t\u00e9l\u00e9charger les bulletins d&rsquo;inscriptions sur cette page. Nous organisons une sortie d&rsquo;accueil pour les nouveaux membres et ceux qui [&hellip;]<\/p>\n","protected":false},"author":1,"featured_media":0,"comment_status":"open","ping_status":"open","sticky":false,"template":"","format":"standard","meta":{"footnotes":""},"categories":[18,12,17],"tags":[],"class_list":["post-656","post","type-post","status-publish","format-standard","hentry","category-route","category-vie-du-club","category-vtt"],"yoast_head":"<!-- This site is optimized with the Yoast SEO plugin v25.9 - https:\/\/yoast.com\/wordpress\/plugins\/seo\/ -->\n<title>C&#039;est aussi la rentr\u00e9e pour nous &#171; Pignan VTT<\/title>\n<meta name=\"robots\" content=\"index, follow, max-snippet:-1, max-image-preview:large, max-video-preview:-1\" \/>\n<link rel=\"canonical\" href=\"http:\/\/www.pignanvtt.fr\/index.php\/2017\/09\/04\/cest-aussi-la-rentree-pour-nous\/\" \/>\n<meta property=\"og:locale\" content=\"fr_FR\" \/>\n<meta property=\"og:type\" content=\"article\" \/>\n<meta property=\"og:title\" content=\"C&#039;est aussi la rentr\u00e9e pour nous &#171; Pignan VTT\" \/>\n<meta property=\"og:description\" content=\"SAISON 2017-2018 Vous avez \u00e9t\u00e9 tr\u00e8s nombreux \u00e0 venir nous voir ce dimanche 3 sept au forum des associations et nous vous en remercions. Ayant \u00e9t\u00e9 \u00e0 court de bulletins, vous trouverez les informations et pouvez t\u00e9l\u00e9charger les bulletins d&rsquo;inscriptions sur cette page. Nous organisons une sortie d&rsquo;accueil pour les nouveaux membres et ceux qui [&hellip;]\" \/>\n<meta property=\"og:url\" content=\"http:\/\/www.pignanvtt.fr\/index.php\/2017\/09\/04\/cest-aussi-la-rentree-pour-nous\/\" \/>\n<meta property=\"og:site_name\" content=\"Pignan VTT\" \/>\n<meta property=\"article:published_time\" content=\"2017-09-04T07:43:44+00:00\" \/>\n<meta property=\"article:modified_time\" content=\"2017-09-15T08:01:05+00:00\" \/>\n<meta name=\"author\" content=\"clubpignan\" \/>\n<meta name=\"twitter:card\" content=\"summary_large_image\" \/>\n<meta name=\"twitter:label1\" content=\"\u00c9crit par\" \/>\n\t<meta name=\"twitter:data1\" content=\"clubpignan\" \/>\n\t<meta name=\"twitter:label2\" content=\"Dur\u00e9e de lecture estim\u00e9e\" \/>\n\t<meta name=\"twitter:data2\" content=\"1 minute\" \/>\n<script type=\"application\/ld+json\" class=\"yoast-schema-graph\">{\"@context\":\"https:\/\/schema.org\",\"@graph\":[{\"@type\":\"WebPage\",\"@id\":\"http:\/\/www.pignanvtt.fr\/index.php\/2017\/09\/04\/cest-aussi-la-rentree-pour-nous\/\",\"url\":\"http:\/\/www.pignanvtt.fr\/index.php\/2017\/09\/04\/cest-aussi-la-rentree-pour-nous\/\",\"name\":\"C'est aussi la rentr\u00e9e pour nous &#171; Pignan VTT\",\"isPartOf\":{\"@id\":\"http:\/\/www.pignanvtt.fr\/#website\"},\"datePublished\":\"2017-09-04T07:43:44+00:00\",\"dateModified\":\"2017-09-15T08:01:05+00:00\",\"author\":{\"@id\":\"http:\/\/www.pignanvtt.fr\/#\/schema\/person\/27ca9a22654ac32dc7fd65b7401300aa\"},\"breadcrumb\":{\"@id\":\"http:\/\/www.pignanvtt.fr\/index.php\/2017\/09\/04\/cest-aussi-la-rentree-pour-nous\/#breadcrumb\"},\"inLanguage\":\"fr-FR\",\"potentialAction\":[{\"@type\":\"ReadAction\",\"target\":[\"http:\/\/www.pignanvtt.fr\/index.php\/2017\/09\/04\/cest-aussi-la-rentree-pour-nous\/\"]}]},{\"@type\":\"BreadcrumbList\",\"@id\":\"http:\/\/www.pignanvtt.fr\/index.php\/2017\/09\/04\/cest-aussi-la-rentree-pour-nous\/#breadcrumb\",\"itemListElement\":[{\"@type\":\"ListItem\",\"position\":1,\"name\":\"Accueil\",\"item\":\"http:\/\/www.pignanvtt.fr\/\"},{\"@type\":\"ListItem\",\"position\":2,\"name\":\"C&rsquo;est aussi la rentr\u00e9e pour nous\"}]},{\"@type\":\"WebSite\",\"@id\":\"http:\/\/www.pignanvtt.fr\/#website\",\"url\":\"http:\/\/www.pignanvtt.fr\/\",\"name\":\"Pignan VTT\",\"description\":\"Association Pignan VTT de la commune de PIGNAN (Languedoc-Roussillon, H\u00e9rault, 34)\",\"potentialAction\":[{\"@type\":\"SearchAction\",\"target\":{\"@type\":\"EntryPoint\",\"urlTemplate\":\"http:\/\/www.pignanvtt.fr\/?s={search_term_string}\"},\"query-input\":{\"@type\":\"PropertyValueSpecification\",\"valueRequired\":true,\"valueName\":\"search_term_string\"}}],\"inLanguage\":\"fr-FR\"},{\"@type\":\"Person\",\"@id\":\"http:\/\/www.pignanvtt.fr\/#\/schema\/person\/27ca9a22654ac32dc7fd65b7401300aa\",\"name\":\"clubpignan\",\"image\":{\"@type\":\"ImageObject\",\"inLanguage\":\"fr-FR\",\"@id\":\"http:\/\/www.pignanvtt.fr\/#\/schema\/person\/image\/\",\"url\":\"https:\/\/secure.gravatar.com\/avatar\/d75bececa1d9b0dea97b7864830c750e99456fd3c90e55fcf357bb11dc9f8245?s=96&d=mm&r=g\",\"contentUrl\":\"https:\/\/secure.gravatar.com\/avatar\/d75bececa1d9b0dea97b7864830c750e99456fd3c90e55fcf357bb11dc9f8245?s=96&d=mm&r=g\",\"caption\":\"clubpignan\"},\"url\":\"http:\/\/www.pignanvtt.fr\/index.php\/author\/clubpignan\/\"}]}<\/script>\n<!-- \/ Yoast SEO plugin. -->","yoast_head_json":{"title":"C'est aussi la rentr\u00e9e pour nous &#171; Pignan VTT","robots":{"index":"index","follow":"follow","max-snippet":"max-snippet:-1","max-image-preview":"max-image-preview:large","max-video-preview":"max-video-preview:-1"},"canonical":"http:\/\/www.pignanvtt.fr\/index.php\/2017\/09\/04\/cest-aussi-la-rentree-pour-nous\/","og_locale":"fr_FR","og_type":"article","og_title":"C'est aussi la rentr\u00e9e pour nous &#171; Pignan VTT","og_description":"SAISON 2017-2018 Vous avez \u00e9t\u00e9 tr\u00e8s nombreux \u00e0 venir nous voir ce dimanche 3 sept au forum des associations et nous vous en remercions. Ayant \u00e9t\u00e9 \u00e0 court de bulletins, vous trouverez les informations et pouvez t\u00e9l\u00e9charger les bulletins d&rsquo;inscriptions sur cette page. Nous organisons une sortie d&rsquo;accueil pour les nouveaux membres et ceux qui [&hellip;]","og_url":"http:\/\/www.pignanvtt.fr\/index.php\/2017\/09\/04\/cest-aussi-la-rentree-pour-nous\/","og_site_name":"Pignan VTT","article_published_time":"2017-09-04T07:43:44+00:00","article_modified_time":"2017-09-15T08:01:05+00:00","author":"clubpignan","twitter_card":"summary_large_image","twitter_misc":{"\u00c9crit par":"clubpignan","Dur\u00e9e de lecture estim\u00e9e":"1 minute"},"schema":{"@context":"https:\/\/schema.org","@graph":[{"@type":"WebPage","@id":"http:\/\/www.pignanvtt.fr\/index.php\/2017\/09\/04\/cest-aussi-la-rentree-pour-nous\/","url":"http:\/\/www.pignanvtt.fr\/index.php\/2017\/09\/04\/cest-aussi-la-rentree-pour-nous\/","name":"C'est aussi la rentr\u00e9e pour nous &#171; Pignan VTT","isPartOf":{"@id":"http:\/\/www.pignanvtt.fr\/#website"},"datePublished":"2017-09-04T07:43:44+00:00","dateModified":"2017-09-15T08:01:05+00:00","author":{"@id":"http:\/\/www.pignanvtt.fr\/#\/schema\/person\/27ca9a22654ac32dc7fd65b7401300aa"},"breadcrumb":{"@id":"http:\/\/www.pignanvtt.fr\/index.php\/2017\/09\/04\/cest-aussi-la-rentree-pour-nous\/#breadcrumb"},"inLanguage":"fr-FR","potentialAction":[{"@type":"ReadAction","target":["http:\/\/www.pignanvtt.fr\/index.php\/2017\/09\/04\/cest-aussi-la-rentree-pour-nous\/"]}]},{"@type":"BreadcrumbList","@id":"http:\/\/www.pignanvtt.fr\/index.php\/2017\/09\/04\/cest-aussi-la-rentree-pour-nous\/#breadcrumb","itemListElement":[{"@type":"ListItem","position":1,"name":"Accueil","item":"http:\/\/www.pignanvtt.fr\/"},{"@type":"ListItem","position":2,"name":"C&rsquo;est aussi la rentr\u00e9e pour nous"}]},{"@type":"WebSite","@id":"http:\/\/www.pignanvtt.fr\/#website","url":"http:\/\/www.pignanvtt.fr\/","name":"Pignan VTT","description":"Association Pignan VTT de la commune de PIGNAN (Languedoc-Roussillon, H\u00e9rault, 34)","potentialAction":[{"@type":"SearchAction","target":{"@type":"EntryPoint","urlTemplate":"http:\/\/www.pignanvtt.fr\/?s={search_term_string}"},"query-input":{"@type":"PropertyValueSpecification","valueRequired":true,"valueName":"search_term_string"}}],"inLanguage":"fr-FR"},{"@type":"Person","@id":"http:\/\/www.pignanvtt.fr\/#\/schema\/person\/27ca9a22654ac32dc7fd65b7401300aa","name":"clubpignan","image":{"@type":"ImageObject","inLanguage":"fr-FR","@id":"http:\/\/www.pignanvtt.fr\/#\/schema\/person\/image\/","url":"https:\/\/secure.gravatar.com\/avatar\/d75bececa1d9b0dea97b7864830c750e99456fd3c90e55fcf357bb11dc9f8245?s=96&d=mm&r=g","contentUrl":"https:\/\/secure.gravatar.com\/avatar\/d75bececa1d9b0dea97b7864830c750e99456fd3c90e55fcf357bb11dc9f8245?s=96&d=mm&r=g","caption":"clubpignan"},"url":"http:\/\/www.pignanvtt.fr\/index.php\/author\/clubpignan\/"}]}},"_links":{"self":[{"href":"http:\/\/www.pignanvtt.fr\/index.php\/wp-json\/wp\/v2\/posts\/656","targetHints":{"allow":["GET"]}}],"collection":[{"href":"http:\/\/www.pignanvtt.fr\/index.php\/wp-json\/wp\/v2\/posts"}],"about":[{"href":"http:\/\/www.pignanvtt.fr\/index.php\/wp-json\/wp\/v2\/types\/post"}],"author":[{"embeddable":true,"href":"http:\/\/www.pignanvtt.fr\/index.php\/wp-json\/wp\/v2\/users\/1"}],"replies":[{"embeddable":true,"href":"http:\/\/www.pignanvtt.fr\/index.php\/wp-json\/wp\/v2\/comments?post=656"}],"version-history":[{"count":9,"href":"http:\/\/www.pignanvtt.fr\/index.php\/wp-json\/wp\/v2\/posts\/656\/revisions"}],"predecessor-version":[{"id":689,"href":"http:\/\/www.pignanvtt.fr\/index.php\/wp-json\/wp\/v2\/posts\/656\/revisions\/689"}],"wp:attachment":[{"href":"http:\/\/www.pignanvtt.fr\/index.php\/wp-json\/wp\/v2\/media?parent=656"}],"wp:term":[{"taxonomy":"category","embeddable":true,"href":"http:\/\/www.pignanvtt.fr\/index.php\/wp-json\/wp\/v2\/categories?post=656"},{"taxonomy":"post_tag","embeddable":true,"href":"http:\/\/www.pignanvtt.fr\/index.php\/wp-json\/wp\/v2\/tags?post=656"}],"curies":[{"name":"wp","href":"https:\/\/api.w.org\/{rel}","templated":true}]}}