{"id":631,"date":"2017-08-23T09:08:05","date_gmt":"2017-08-23T07:08:05","guid":{"rendered":"http:\/\/www.pignanvtt.fr\/?p=631"},"modified":"2017-09-01T09:01:11","modified_gmt":"2017-09-01T07:01:11","slug":"rentree-sportive-ca-ne-se-prepare-a-moitie","status":"publish","type":"post","link":"http:\/\/www.pignanvtt.fr\/index.php\/2017\/08\/23\/rentree-sportive-ca-ne-se-prepare-a-moitie\/","title":{"rendered":"La rentr\u00e9e sportive, \u00e7a ne se pr\u00e9pare pas \u00e0 moiti\u00e9 !"},"content":{"rendered":"<p>Les pr\u00e9mices de la rentr\u00e9e sportive s&rsquo;annoncent chez PIGNAN VTT en cette fin Ao\u00fbt 2017 !<\/p>\n<p>Les temp\u00e9ratures plus cl\u00e9mentes et le retour des croqueurs de monotraces et des bouffeurs de bitumes se traduisent par la multiplication des sorties VTT et Cyclos pour le plus grand plaisir de tous !<\/p>\n<p>C&rsquo;est ainsi que deux groupes \u00e9taient de vir\u00e9e ce Dimanche 20 ao\u00fbt :<\/p>\n<p><a href=\"http:\/\/www.pignanvtt.fr\/pignanvtt\/wp-content\/uploads\/2017\/08\/jfdetjfr.jpg\"><img loading=\"lazy\" decoding=\"async\" class=\"aligncenter size-medium wp-image-632\" src=\"http:\/\/www.pignanvtt.fr\/pignanvtt\/wp-content\/uploads\/2017\/08\/jfdetjfr-300x225.jpg\" alt=\"\" width=\"300\" height=\"225\" srcset=\"http:\/\/www.pignanvtt.fr\/wp-content\/uploads\/2017\/08\/jfdetjfr-300x225.jpg 300w, http:\/\/www.pignanvtt.fr\/wp-content\/uploads\/2017\/08\/jfdetjfr-768x576.jpg 768w, http:\/\/www.pignanvtt.fr\/wp-content\/uploads\/2017\/08\/jfdetjfr-620x465.jpg 620w, http:\/\/www.pignanvtt.fr\/wp-content\/uploads\/2017\/08\/jfdetjfr.jpg 826w\" sizes=\"auto, (max-width: 300px) 100vw, 300px\" \/><img loading=\"lazy\" decoding=\"async\" class=\"aligncenter size-medium wp-image-640\" src=\"http:\/\/www.pignanvtt.fr\/pignanvtt\/wp-content\/uploads\/2017\/08\/WP_20170820_08_43_07_Pro-300x169.jpg\" alt=\"la Pignan VTT Team\" width=\"300\" height=\"169\" srcset=\"http:\/\/www.pignanvtt.fr\/wp-content\/uploads\/2017\/08\/WP_20170820_08_43_07_Pro-300x169.jpg 300w, http:\/\/www.pignanvtt.fr\/wp-content\/uploads\/2017\/08\/WP_20170820_08_43_07_Pro-768x433.jpg 768w, http:\/\/www.pignanvtt.fr\/wp-content\/uploads\/2017\/08\/WP_20170820_08_43_07_Pro-1024x577.jpg 1024w, http:\/\/www.pignanvtt.fr\/wp-content\/uploads\/2017\/08\/WP_20170820_08_43_07_Pro-620x350.jpg 620w, http:\/\/www.pignanvtt.fr\/wp-content\/uploads\/2017\/08\/WP_20170820_08_43_07_Pro.jpg 1632w\" sizes=\"auto, (max-width: 300px) 100vw, 300px\" \/><img loading=\"lazy\" decoding=\"async\" class=\"aligncenter size-medium wp-image-642\" src=\"http:\/\/www.pignanvtt.fr\/pignanvtt\/wp-content\/uploads\/2017\/08\/WP_20170820_09_51_32_Pro-300x169.jpg\" alt=\"Old retro mobile !\" width=\"300\" height=\"169\" srcset=\"http:\/\/www.pignanvtt.fr\/wp-content\/uploads\/2017\/08\/WP_20170820_09_51_32_Pro-300x169.jpg 300w, http:\/\/www.pignanvtt.fr\/wp-content\/uploads\/2017\/08\/WP_20170820_09_51_32_Pro-768x433.jpg 768w, http:\/\/www.pignanvtt.fr\/wp-content\/uploads\/2017\/08\/WP_20170820_09_51_32_Pro-1024x577.jpg 1024w, http:\/\/www.pignanvtt.fr\/wp-content\/uploads\/2017\/08\/WP_20170820_09_51_32_Pro-620x350.jpg 620w, http:\/\/www.pignanvtt.fr\/wp-content\/uploads\/2017\/08\/WP_20170820_09_51_32_Pro.jpg 1632w\" sizes=\"auto, (max-width: 300px) 100vw, 300px\" \/><\/a><\/p>\n<p style=\"text-align: left;\"><strong>VTT:<\/strong><\/p>\n<p>Belle sortie VTT de reprise pour certains, de fond pour d&rsquo;autres, qui a men\u00e9 nos 6 riders du jour de Pignan jusqu&rsquo;\u00e0 Montarnaud.<br \/>\nCette sortie de 50 kms orient\u00e9e \u00ab\u00a0mont\u00e9e\u00a0\u00bb (1025 de D+) a \u00e9t\u00e9 ponctu\u00e9e par quelques descentes appr\u00e9ci\u00e9es par le c\u00f4t\u00e9 enduristes de certains qui en redemandent encore !<br \/>\nLa sortie a bien entendu \u00e9t\u00e9 entrecoup\u00e9e par quelques pauses sympathiques. Bref, les troupes sont pr\u00eates pour la rentr\u00e9e !<\/p>\n<p>De nombreux projets \u00e0 venir pour des sorties qui ne seront pas toujours aussi \u00ab\u00a0p\u00eachues\u00a0\u00bb mais tout aussi conviviale !<\/p>\n<p>Et bien sur, n&rsquo;oublions pas la prochaine session \u00ab\u00a0Formation VTT\u00a0\u00bb sur le massif de La Clape le Dimanche 10 septembre 2017. Mais aussi la vir\u00e9e raid \u00ab\u00a0Train Jaune et Formation VTT\u00a0\u00bb le Dimanche 24 septembre 2017 !<\/p>\n<p><strong>Cyclotourisme:<\/strong><\/p>\n<p>Une belle balade cyclo aux multiples variations de paysages comme on les aimes chez PIGNAN VTT. Au programme du jour, la vall\u00e9e de l&rsquo;H\u00e9rault, le Larzac, l&rsquo;Escandorgue, le Prieur\u00e9 de Saint Michel de Gramont au d\u00e9part de St F\u00e9lix de Lodez. Au compteur: un D+ (1479 m) et une distance (90 kms) appr\u00e9ci\u00e9s au rythme de chacun.<\/p>\n<p>Et plein de nouveaux projets \u00e0 venir du c\u00f4t\u00e9 des cyclos pour les prochaines semaines et les prochains mois !<\/p>\n<p><strong>Rappel:<\/strong><\/p>\n<ol>\n<li>Foire aux associations de PIGNAN le Dimanche 3 septembre 2017 entre\u00a0 9h et 13h. Rendez vous sur le stand pour l&rsquo;ap\u00e9ro \u00e0 11h45 au retour de la dominicale !<\/li>\n<li>Prochaine Assembl\u00e9e G\u00e9n\u00e9rale fin septembre ou d\u00e9but Octobre 2017.<\/li>\n<\/ol>\n<p>&nbsp;<\/p>\n<p>Par SAM et JFD<\/p>\n","protected":false},"excerpt":{"rendered":"<p>Les pr\u00e9mices de la rentr\u00e9e sportive s&rsquo;annoncent chez PIGNAN VTT en cette fin Ao\u00fbt 2017 ! Les temp\u00e9ratures plus cl\u00e9mentes et le retour des croqueurs de monotraces et des bouffeurs de bitumes se traduisent par la multiplication des sorties VTT et Cyclos pour le plus grand plaisir de tous ! C&rsquo;est ainsi que deux groupes [&hellip;]<\/p>\n","protected":false},"author":1,"featured_media":0,"comment_status":"open","ping_status":"open","sticky":false,"template":"","format":"standard","meta":{"footnotes":""},"categories":[18,12,17],"tags":[],"class_list":["post-631","post","type-post","status-publish","format-standard","hentry","category-route","category-vie-du-club","category-vtt"],"yoast_head":"<!-- This site is optimized with the Yoast SEO plugin v25.9 - https:\/\/yoast.com\/wordpress\/plugins\/seo\/ -->\n<title>La rentr\u00e9e sportive, \u00e7a ne se pr\u00e9pare pas \u00e0 moiti\u00e9 ! &#171; Pignan VTT<\/title>\n<meta name=\"robots\" content=\"index, follow, max-snippet:-1, max-image-preview:large, max-video-preview:-1\" \/>\n<link rel=\"canonical\" href=\"http:\/\/www.pignanvtt.fr\/index.php\/2017\/08\/23\/rentree-sportive-ca-ne-se-prepare-a-moitie\/\" \/>\n<meta property=\"og:locale\" content=\"fr_FR\" \/>\n<meta property=\"og:type\" content=\"article\" \/>\n<meta property=\"og:title\" content=\"La rentr\u00e9e sportive, \u00e7a ne se pr\u00e9pare pas \u00e0 moiti\u00e9 ! &#171; Pignan VTT\" \/>\n<meta property=\"og:description\" content=\"Les pr\u00e9mices de la rentr\u00e9e sportive s&rsquo;annoncent chez PIGNAN VTT en cette fin Ao\u00fbt 2017 ! Les temp\u00e9ratures plus cl\u00e9mentes et le retour des croqueurs de monotraces et des bouffeurs de bitumes se traduisent par la multiplication des sorties VTT et Cyclos pour le plus grand plaisir de tous ! C&rsquo;est ainsi que deux groupes [&hellip;]\" \/>\n<meta property=\"og:url\" content=\"http:\/\/www.pignanvtt.fr\/index.php\/2017\/08\/23\/rentree-sportive-ca-ne-se-prepare-a-moitie\/\" \/>\n<meta property=\"og:site_name\" content=\"Pignan VTT\" \/>\n<meta property=\"article:published_time\" content=\"2017-08-23T07:08:05+00:00\" \/>\n<meta property=\"article:modified_time\" content=\"2017-09-01T07:01:11+00:00\" \/>\n<meta property=\"og:image\" content=\"http:\/\/www.pignanvtt.fr\/pignanvtt\/wp-content\/uploads\/2017\/08\/jfdetjfr-300x225.jpg\" \/>\n<meta name=\"author\" content=\"clubpignan\" \/>\n<meta name=\"twitter:card\" content=\"summary_large_image\" \/>\n<meta name=\"twitter:label1\" content=\"\u00c9crit par\" \/>\n\t<meta name=\"twitter:data1\" content=\"clubpignan\" \/>\n\t<meta name=\"twitter:label2\" content=\"Dur\u00e9e de lecture estim\u00e9e\" \/>\n\t<meta name=\"twitter:data2\" content=\"2 minutes\" \/>\n<script type=\"application\/ld+json\" class=\"yoast-schema-graph\">{\"@context\":\"https:\/\/schema.org\",\"@graph\":[{\"@type\":\"WebPage\",\"@id\":\"http:\/\/www.pignanvtt.fr\/index.php\/2017\/08\/23\/rentree-sportive-ca-ne-se-prepare-a-moitie\/\",\"url\":\"http:\/\/www.pignanvtt.fr\/index.php\/2017\/08\/23\/rentree-sportive-ca-ne-se-prepare-a-moitie\/\",\"name\":\"La rentr\u00e9e sportive, \u00e7a ne se pr\u00e9pare pas \u00e0 moiti\u00e9 ! &#171; Pignan VTT\",\"isPartOf\":{\"@id\":\"http:\/\/www.pignanvtt.fr\/#website\"},\"primaryImageOfPage\":{\"@id\":\"http:\/\/www.pignanvtt.fr\/index.php\/2017\/08\/23\/rentree-sportive-ca-ne-se-prepare-a-moitie\/#primaryimage\"},\"image\":{\"@id\":\"http:\/\/www.pignanvtt.fr\/index.php\/2017\/08\/23\/rentree-sportive-ca-ne-se-prepare-a-moitie\/#primaryimage\"},\"thumbnailUrl\":\"http:\/\/www.pignanvtt.fr\/pignanvtt\/wp-content\/uploads\/2017\/08\/jfdetjfr-300x225.jpg\",\"datePublished\":\"2017-08-23T07:08:05+00:00\",\"dateModified\":\"2017-09-01T07:01:11+00:00\",\"author\":{\"@id\":\"http:\/\/www.pignanvtt.fr\/#\/schema\/person\/27ca9a22654ac32dc7fd65b7401300aa\"},\"breadcrumb\":{\"@id\":\"http:\/\/www.pignanvtt.fr\/index.php\/2017\/08\/23\/rentree-sportive-ca-ne-se-prepare-a-moitie\/#breadcrumb\"},\"inLanguage\":\"fr-FR\",\"potentialAction\":[{\"@type\":\"ReadAction\",\"target\":[\"http:\/\/www.pignanvtt.fr\/index.php\/2017\/08\/23\/rentree-sportive-ca-ne-se-prepare-a-moitie\/\"]}]},{\"@type\":\"ImageObject\",\"inLanguage\":\"fr-FR\",\"@id\":\"http:\/\/www.pignanvtt.fr\/index.php\/2017\/08\/23\/rentree-sportive-ca-ne-se-prepare-a-moitie\/#primaryimage\",\"url\":\"http:\/\/www.pignanvtt.fr\/pignanvtt\/wp-content\/uploads\/2017\/08\/jfdetjfr-300x225.jpg\",\"contentUrl\":\"http:\/\/www.pignanvtt.fr\/pignanvtt\/wp-content\/uploads\/2017\/08\/jfdetjfr-300x225.jpg\"},{\"@type\":\"BreadcrumbList\",\"@id\":\"http:\/\/www.pignanvtt.fr\/index.php\/2017\/08\/23\/rentree-sportive-ca-ne-se-prepare-a-moitie\/#breadcrumb\",\"itemListElement\":[{\"@type\":\"ListItem\",\"position\":1,\"name\":\"Accueil\",\"item\":\"http:\/\/www.pignanvtt.fr\/\"},{\"@type\":\"ListItem\",\"position\":2,\"name\":\"La rentr\u00e9e sportive, \u00e7a ne se pr\u00e9pare pas \u00e0 moiti\u00e9 !\"}]},{\"@type\":\"WebSite\",\"@id\":\"http:\/\/www.pignanvtt.fr\/#website\",\"url\":\"http:\/\/www.pignanvtt.fr\/\",\"name\":\"Pignan VTT\",\"description\":\"Association Pignan VTT de la commune de PIGNAN (Languedoc-Roussillon, H\u00e9rault, 34)\",\"potentialAction\":[{\"@type\":\"SearchAction\",\"target\":{\"@type\":\"EntryPoint\",\"urlTemplate\":\"http:\/\/www.pignanvtt.fr\/?s={search_term_string}\"},\"query-input\":{\"@type\":\"PropertyValueSpecification\",\"valueRequired\":true,\"valueName\":\"search_term_string\"}}],\"inLanguage\":\"fr-FR\"},{\"@type\":\"Person\",\"@id\":\"http:\/\/www.pignanvtt.fr\/#\/schema\/person\/27ca9a22654ac32dc7fd65b7401300aa\",\"name\":\"clubpignan\",\"image\":{\"@type\":\"ImageObject\",\"inLanguage\":\"fr-FR\",\"@id\":\"http:\/\/www.pignanvtt.fr\/#\/schema\/person\/image\/\",\"url\":\"https:\/\/secure.gravatar.com\/avatar\/d75bececa1d9b0dea97b7864830c750e99456fd3c90e55fcf357bb11dc9f8245?s=96&d=mm&r=g\",\"contentUrl\":\"https:\/\/secure.gravatar.com\/avatar\/d75bececa1d9b0dea97b7864830c750e99456fd3c90e55fcf357bb11dc9f8245?s=96&d=mm&r=g\",\"caption\":\"clubpignan\"},\"url\":\"http:\/\/www.pignanvtt.fr\/index.php\/author\/clubpignan\/\"}]}<\/script>\n<!-- \/ Yoast SEO plugin. -->","yoast_head_json":{"title":"La rentr\u00e9e sportive, \u00e7a ne se pr\u00e9pare pas \u00e0 moiti\u00e9 ! &#171; Pignan VTT","robots":{"index":"index","follow":"follow","max-snippet":"max-snippet:-1","max-image-preview":"max-image-preview:large","max-video-preview":"max-video-preview:-1"},"canonical":"http:\/\/www.pignanvtt.fr\/index.php\/2017\/08\/23\/rentree-sportive-ca-ne-se-prepare-a-moitie\/","og_locale":"fr_FR","og_type":"article","og_title":"La rentr\u00e9e sportive, \u00e7a ne se pr\u00e9pare pas \u00e0 moiti\u00e9 ! &#171; Pignan VTT","og_description":"Les pr\u00e9mices de la rentr\u00e9e sportive s&rsquo;annoncent chez PIGNAN VTT en cette fin Ao\u00fbt 2017 ! Les temp\u00e9ratures plus cl\u00e9mentes et le retour des croqueurs de monotraces et des bouffeurs de bitumes se traduisent par la multiplication des sorties VTT et Cyclos pour le plus grand plaisir de tous ! C&rsquo;est ainsi que deux groupes [&hellip;]","og_url":"http:\/\/www.pignanvtt.fr\/index.php\/2017\/08\/23\/rentree-sportive-ca-ne-se-prepare-a-moitie\/","og_site_name":"Pignan VTT","article_published_time":"2017-08-23T07:08:05+00:00","article_modified_time":"2017-09-01T07:01:11+00:00","og_image":[{"url":"http:\/\/www.pignanvtt.fr\/pignanvtt\/wp-content\/uploads\/2017\/08\/jfdetjfr-300x225.jpg","type":"","width":"","height":""}],"author":"clubpignan","twitter_card":"summary_large_image","twitter_misc":{"\u00c9crit par":"clubpignan","Dur\u00e9e de lecture estim\u00e9e":"2 minutes"},"schema":{"@context":"https:\/\/schema.org","@graph":[{"@type":"WebPage","@id":"http:\/\/www.pignanvtt.fr\/index.php\/2017\/08\/23\/rentree-sportive-ca-ne-se-prepare-a-moitie\/","url":"http:\/\/www.pignanvtt.fr\/index.php\/2017\/08\/23\/rentree-sportive-ca-ne-se-prepare-a-moitie\/","name":"La rentr\u00e9e sportive, \u00e7a ne se pr\u00e9pare pas \u00e0 moiti\u00e9 ! &#171; Pignan VTT","isPartOf":{"@id":"http:\/\/www.pignanvtt.fr\/#website"},"primaryImageOfPage":{"@id":"http:\/\/www.pignanvtt.fr\/index.php\/2017\/08\/23\/rentree-sportive-ca-ne-se-prepare-a-moitie\/#primaryimage"},"image":{"@id":"http:\/\/www.pignanvtt.fr\/index.php\/2017\/08\/23\/rentree-sportive-ca-ne-se-prepare-a-moitie\/#primaryimage"},"thumbnailUrl":"http:\/\/www.pignanvtt.fr\/pignanvtt\/wp-content\/uploads\/2017\/08\/jfdetjfr-300x225.jpg","datePublished":"2017-08-23T07:08:05+00:00","dateModified":"2017-09-01T07:01:11+00:00","author":{"@id":"http:\/\/www.pignanvtt.fr\/#\/schema\/person\/27ca9a22654ac32dc7fd65b7401300aa"},"breadcrumb":{"@id":"http:\/\/www.pignanvtt.fr\/index.php\/2017\/08\/23\/rentree-sportive-ca-ne-se-prepare-a-moitie\/#breadcrumb"},"inLanguage":"fr-FR","potentialAction":[{"@type":"ReadAction","target":["http:\/\/www.pignanvtt.fr\/index.php\/2017\/08\/23\/rentree-sportive-ca-ne-se-prepare-a-moitie\/"]}]},{"@type":"ImageObject","inLanguage":"fr-FR","@id":"http:\/\/www.pignanvtt.fr\/index.php\/2017\/08\/23\/rentree-sportive-ca-ne-se-prepare-a-moitie\/#primaryimage","url":"http:\/\/www.pignanvtt.fr\/pignanvtt\/wp-content\/uploads\/2017\/08\/jfdetjfr-300x225.jpg","contentUrl":"http:\/\/www.pignanvtt.fr\/pignanvtt\/wp-content\/uploads\/2017\/08\/jfdetjfr-300x225.jpg"},{"@type":"BreadcrumbList","@id":"http:\/\/www.pignanvtt.fr\/index.php\/2017\/08\/23\/rentree-sportive-ca-ne-se-prepare-a-moitie\/#breadcrumb","itemListElement":[{"@type":"ListItem","position":1,"name":"Accueil","item":"http:\/\/www.pignanvtt.fr\/"},{"@type":"ListItem","position":2,"name":"La rentr\u00e9e sportive, \u00e7a ne se pr\u00e9pare pas \u00e0 moiti\u00e9 !"}]},{"@type":"WebSite","@id":"http:\/\/www.pignanvtt.fr\/#website","url":"http:\/\/www.pignanvtt.fr\/","name":"Pignan VTT","description":"Association Pignan VTT de la commune de PIGNAN (Languedoc-Roussillon, H\u00e9rault, 34)","potentialAction":[{"@type":"SearchAction","target":{"@type":"EntryPoint","urlTemplate":"http:\/\/www.pignanvtt.fr\/?s={search_term_string}"},"query-input":{"@type":"PropertyValueSpecification","valueRequired":true,"valueName":"search_term_string"}}],"inLanguage":"fr-FR"},{"@type":"Person","@id":"http:\/\/www.pignanvtt.fr\/#\/schema\/person\/27ca9a22654ac32dc7fd65b7401300aa","name":"clubpignan","image":{"@type":"ImageObject","inLanguage":"fr-FR","@id":"http:\/\/www.pignanvtt.fr\/#\/schema\/person\/image\/","url":"https:\/\/secure.gravatar.com\/avatar\/d75bececa1d9b0dea97b7864830c750e99456fd3c90e55fcf357bb11dc9f8245?s=96&d=mm&r=g","contentUrl":"https:\/\/secure.gravatar.com\/avatar\/d75bececa1d9b0dea97b7864830c750e99456fd3c90e55fcf357bb11dc9f8245?s=96&d=mm&r=g","caption":"clubpignan"},"url":"http:\/\/www.pignanvtt.fr\/index.php\/author\/clubpignan\/"}]}},"_links":{"self":[{"href":"http:\/\/www.pignanvtt.fr\/index.php\/wp-json\/wp\/v2\/posts\/631","targetHints":{"allow":["GET"]}}],"collection":[{"href":"http:\/\/www.pignanvtt.fr\/index.php\/wp-json\/wp\/v2\/posts"}],"about":[{"href":"http:\/\/www.pignanvtt.fr\/index.php\/wp-json\/wp\/v2\/types\/post"}],"author":[{"embeddable":true,"href":"http:\/\/www.pignanvtt.fr\/index.php\/wp-json\/wp\/v2\/users\/1"}],"replies":[{"embeddable":true,"href":"http:\/\/www.pignanvtt.fr\/index.php\/wp-json\/wp\/v2\/comments?post=631"}],"version-history":[{"count":6,"href":"http:\/\/www.pignanvtt.fr\/index.php\/wp-json\/wp\/v2\/posts\/631\/revisions"}],"predecessor-version":[{"id":643,"href":"http:\/\/www.pignanvtt.fr\/index.php\/wp-json\/wp\/v2\/posts\/631\/revisions\/643"}],"wp:attachment":[{"href":"http:\/\/www.pignanvtt.fr\/index.php\/wp-json\/wp\/v2\/media?parent=631"}],"wp:term":[{"taxonomy":"category","embeddable":true,"href":"http:\/\/www.pignanvtt.fr\/index.php\/wp-json\/wp\/v2\/categories?post=631"},{"taxonomy":"post_tag","embeddable":true,"href":"http:\/\/www.pignanvtt.fr\/index.php\/wp-json\/wp\/v2\/tags?post=631"}],"curies":[{"name":"wp","href":"https:\/\/api.w.org\/{rel}","templated":true}]}}