{"id":592,"date":"2017-05-22T09:26:02","date_gmt":"2017-05-22T07:26:02","guid":{"rendered":"http:\/\/www.pignanvtt.fr\/?p=592"},"modified":"2017-05-24T21:34:05","modified_gmt":"2017-05-24T19:34:05","slug":"debut-de-printemps-vert-pignan-vtt-projets-a-foisons","status":"publish","type":"post","link":"http:\/\/www.pignanvtt.fr\/index.php\/2017\/05\/22\/debut-de-printemps-vert-pignan-vtt-projets-a-foisons\/","title":{"rendered":"Un d\u00e9but de Printemps tout en Vert \u00ab\u00a0PIGNAN VTT\u00a0\u00bb et des projets \u00e0 foison !!!"},"content":{"rendered":"<p>C&rsquo;est d&rsquo;un vert \u00ab\u00a0PIGNAN VTT\u00a0\u00bb qu&rsquo;ont \u00e9t\u00e9 color\u00e9 les multiples randos et routes de la r\u00e9gion en ce d\u00e9but de printemps 2017 !<\/p>\n<p>D\u00e9bordant de vitalit\u00e9 et de bonne humeur, les \u00ab\u00a0PignanVTTistes\u00a0\u00bb ont fait roues de toutes part tant en VTT qu&rsquo;en Cyclo-Route.<\/p>\n<p>Ils sont l\u00e0 ! Ils sont dans les campagnes ! Ils sont dans les villes ! Ils sont sur les r\u00e9seaux sociaux ! &#8230; Ils sont partout ! \ud83d\ude09 &#8230;.\u00a0 en sortie \u00ab\u00a0locale\u00a0\u00bb et dans toute la r\u00e9gion et m\u00eame sur les actions \u00e9co-citoyennes de nettoyage de garrigue et bords de route. Mais aussi sur les randos VTT de Quissac, Poussan, Grabels, Saint-Affrique, Saint-Jean-de-la Blaqui\u00e8re, Sussargues, Ste-Croix-de-quiquillargues, &#8230; et sur les superbes routes du Lod\u00e9vois, de la vall\u00e9e de La Bu\u00e8ge, de Montpeyroux, et bien d&rsquo;autres encore !!!<\/p>\n<p>Et comme nous nous y attachons depuis la cr\u00e9ation de l&rsquo;association, avec un esprit sportif de convivialit\u00e9, de solidarit\u00e9 et de bonne humeur !<\/p>\n<p><img loading=\"lazy\" decoding=\"async\" class=\" wp-image-589\" src=\"http:\/\/www.pignanvtt.fr\/pignanvtt\/wp-content\/uploads\/2017\/05\/teamgardiolemourre2017-300x169.jpg\" alt=\"\" width=\"298\" height=\"168\" srcset=\"http:\/\/www.pignanvtt.fr\/wp-content\/uploads\/2017\/05\/teamgardiolemourre2017-300x169.jpg 300w, http:\/\/www.pignanvtt.fr\/wp-content\/uploads\/2017\/05\/teamgardiolemourre2017-768x432.jpg 768w, http:\/\/www.pignanvtt.fr\/wp-content\/uploads\/2017\/05\/teamgardiolemourre2017-620x349.jpg 620w, http:\/\/www.pignanvtt.fr\/wp-content\/uploads\/2017\/05\/teamgardiolemourre2017.jpg 980w\" sizes=\"auto, (max-width: 298px) 100vw, 298px\" \/><\/p>\n<p>Grand Raid VTT Gardiole Mourre (92 kms)<\/p>\n<div id=\"attachment_594\" style=\"width: 310px\" class=\"wp-caption alignnone\"><img loading=\"lazy\" decoding=\"async\" aria-describedby=\"caption-attachment-594\" class=\"size-medium wp-image-594\" src=\"http:\/\/www.pignanvtt.fr\/pignanvtt\/wp-content\/uploads\/2017\/05\/grimpette-abel-300x169.jpg\" alt=\"\" width=\"300\" height=\"169\" srcset=\"http:\/\/www.pignanvtt.fr\/wp-content\/uploads\/2017\/05\/grimpette-abel-300x169.jpg 300w, http:\/\/www.pignanvtt.fr\/wp-content\/uploads\/2017\/05\/grimpette-abel-768x432.jpg 768w, http:\/\/www.pignanvtt.fr\/wp-content\/uploads\/2017\/05\/grimpette-abel-620x349.jpg 620w, http:\/\/www.pignanvtt.fr\/wp-content\/uploads\/2017\/05\/grimpette-abel.jpg 980w\" sizes=\"auto, (max-width: 300px) 100vw, 300px\" \/><p id=\"caption-attachment-594\" class=\"wp-caption-text\">Raid VTT de La Montagnette (51 kms)<\/p><\/div>\n<p><img loading=\"lazy\" decoding=\"async\" class=\"size-medium wp-image-588\" src=\"http:\/\/www.pignanvtt.fr\/pignanvtt\/wp-content\/uploads\/2017\/05\/20170521_110845-300x169.jpg\" alt=\"\" width=\"300\" height=\"169\" srcset=\"http:\/\/www.pignanvtt.fr\/wp-content\/uploads\/2017\/05\/20170521_110845-300x169.jpg 300w, http:\/\/www.pignanvtt.fr\/wp-content\/uploads\/2017\/05\/20170521_110845-768x432.jpg 768w, http:\/\/www.pignanvtt.fr\/wp-content\/uploads\/2017\/05\/20170521_110845-620x349.jpg 620w, http:\/\/www.pignanvtt.fr\/wp-content\/uploads\/2017\/05\/20170521_110845.jpg 980w\" sizes=\"auto, (max-width: 300px) 100vw, 300px\" \/><\/p>\n<p>Raid Cyclo du Tour du Causse M\u00e9jean (119 kms)<\/p>\n<div id=\"attachment_593\" style=\"width: 179px\" class=\"wp-caption alignnone\"><img loading=\"lazy\" decoding=\"async\" aria-describedby=\"caption-attachment-593\" class=\"size-medium wp-image-593\" src=\"http:\/\/www.pignanvtt.fr\/pignanvtt\/wp-content\/uploads\/2017\/05\/20170521_144147-169x300.jpg\" alt=\"\" width=\"169\" height=\"300\" srcset=\"http:\/\/www.pignanvtt.fr\/wp-content\/uploads\/2017\/05\/20170521_144147-169x300.jpg 169w, http:\/\/www.pignanvtt.fr\/wp-content\/uploads\/2017\/05\/20170521_144147.jpg 551w\" sizes=\"auto, (max-width: 169px) 100vw, 169px\" \/><p id=\"caption-attachment-593\" class=\"wp-caption-text\">Raid Cyclo Tour du Causse M\u00e9jean<\/p><\/div>\n<p><img loading=\"lazy\" decoding=\"async\" class=\"alignnone size-medium wp-image-604\" src=\"http:\/\/www.pignanvtt.fr\/pignanvtt\/wp-content\/uploads\/2017\/05\/colperjuret-300x225.jpg\" alt=\"La Team au Col !\" width=\"300\" height=\"225\" srcset=\"http:\/\/www.pignanvtt.fr\/wp-content\/uploads\/2017\/05\/colperjuret-300x225.jpg 300w, http:\/\/www.pignanvtt.fr\/wp-content\/uploads\/2017\/05\/colperjuret-768x576.jpg 768w, http:\/\/www.pignanvtt.fr\/wp-content\/uploads\/2017\/05\/colperjuret-1024x768.jpg 1024w, http:\/\/www.pignanvtt.fr\/wp-content\/uploads\/2017\/05\/colperjuret-620x465.jpg 620w, http:\/\/www.pignanvtt.fr\/wp-content\/uploads\/2017\/05\/colperjuret.jpg 1600w\" sizes=\"auto, (max-width: 300px) 100vw, 300px\" \/><\/p>\n<div id=\"attachment_587\" style=\"width: 310px\" class=\"wp-caption alignnone\"><img loading=\"lazy\" decoding=\"async\" aria-describedby=\"caption-attachment-587\" class=\"size-medium wp-image-587\" src=\"http:\/\/www.pignanvtt.fr\/pignanvtt\/wp-content\/uploads\/2017\/05\/20170430_102154-300x169.jpeg\" alt=\"\" width=\"300\" height=\"169\" srcset=\"http:\/\/www.pignanvtt.fr\/wp-content\/uploads\/2017\/05\/20170430_102154-300x169.jpeg 300w, http:\/\/www.pignanvtt.fr\/wp-content\/uploads\/2017\/05\/20170430_102154-768x432.jpeg 768w, http:\/\/www.pignanvtt.fr\/wp-content\/uploads\/2017\/05\/20170430_102154-620x349.jpeg 620w, http:\/\/www.pignanvtt.fr\/wp-content\/uploads\/2017\/05\/20170430_102154.jpeg 960w\" sizes=\"auto, (max-width: 300px) 100vw, 300px\" \/><p id=\"caption-attachment-587\" class=\"wp-caption-text\">Op\u00e9ration Nettoyage Garrigue MURVIEL (des canettes, des bouteilles en pagaille)<\/p><\/div>\n<p>Et ce n&rsquo;est qu&rsquo;un d\u00e9but car nous serons prochainement sur de nouveaux projets VTT et Route :<\/p>\n<ul>\n<li>Le Raid Formation VTT de la descente du train Jaune \u00e0 Olette- Mont-Louis (le 4 juin)<\/li>\n<li>Le Grand Raid Route de \u00ab\u00a0La Doublette du Ventoux\u00a0\u00bb (double ascension du Ventoux par Malauc\u00e8ne et Sault ou par Malauc\u00e8ne seule pour ceux qui le souhaite)<\/li>\n<li>Le Cross Triathlon du Salagou<\/li>\n<li>Le Roc D&rsquo;azur 2017<\/li>\n<li>des participations aux randos locales, et de nouvelles sorties \u00ab\u00a0bartassages VTT\u00a0\u00bb et d\u00e9couverte en locale<\/li>\n<li>une op\u00e9ration en locale ou ext\u00e9rieure de formation VTT,<\/li>\n<li>notre participation aux op\u00e9rations de nettoyage de garrigue (la prochaine \u00e0 Pignan le 17 juin matin) et aux op\u00e9rations permanentes de nettoyage de bord de route (1 sortie =au moins 1 d\u00e9chet\/cyclo ramass\u00e9 !)<\/li>\n<li>et bien sur, notre rassemblement annuel du Picnic familial de PIGNAN VTT que nous envisageons le 25 juin midi sur la plage des Aresquiers<\/li>\n<\/ul>\n<p>et d&rsquo;autres projets en gestation tant en Cyclo-Route (en pr\u00e9paration un raid \u00ab\u00a0Octon &#8211; Espinouse\u00a0\u00bb de toute beaut\u00e9), des id\u00e9es vers l&rsquo;Aigoual (du D+ \u00e0 gogo et un enchainement de Col, vers les Corbi\u00e8res, &#8230;) qu&rsquo;en VTT (un retour du Grand Raid Aigoual &#8211; St-Jean-de-Fos, une vir\u00e9e vers les Corbi\u00e8res, &#8230;).<\/p>\n<p>Bref, merci \u00e0 tous pour votre implication, votre coh\u00e9sion, et tout ce qui fait que nous nous r\u00e9galons ensemble dans notre pratique sportive et ludique du VTT et du V\u00e9lo de route.<\/p>\n<p>Continuons ainsi !!!<\/p>\n<p style=\"text-align: right;\">Jean-Fran\u00e7ois DADOUN<\/p>\n<p style=\"text-align: right;\">Pr\u00e9sident de l&rsquo;Association PIGNAN VTT<\/p>\n<p>&nbsp;<\/p>\n","protected":false},"excerpt":{"rendered":"<p>C&rsquo;est d&rsquo;un vert \u00ab\u00a0PIGNAN VTT\u00a0\u00bb qu&rsquo;ont \u00e9t\u00e9 color\u00e9 les multiples randos et routes de la r\u00e9gion en ce d\u00e9but de printemps 2017 ! D\u00e9bordant de vitalit\u00e9 et de bonne humeur, les \u00ab\u00a0PignanVTTistes\u00a0\u00bb ont fait roues de toutes part tant en VTT qu&rsquo;en Cyclo-Route. Ils sont l\u00e0 ! Ils sont dans les campagnes ! Ils sont [&hellip;]<\/p>\n","protected":false},"author":1,"featured_media":0,"comment_status":"open","ping_status":"open","sticky":false,"template":"","format":"standard","meta":{"footnotes":""},"categories":[1],"tags":[],"class_list":["post-592","post","type-post","status-publish","format-standard","hentry","category-non-classe"],"yoast_head":"<!-- This site is optimized with the Yoast SEO plugin v25.9 - https:\/\/yoast.com\/wordpress\/plugins\/seo\/ -->\n<title>Un d\u00e9but de Printemps tout en Vert &quot;PIGNAN VTT&quot; et des projets \u00e0 foison !!! &#171; Pignan VTT<\/title>\n<meta name=\"robots\" content=\"index, follow, max-snippet:-1, max-image-preview:large, max-video-preview:-1\" \/>\n<link rel=\"canonical\" href=\"http:\/\/www.pignanvtt.fr\/index.php\/2017\/05\/22\/debut-de-printemps-vert-pignan-vtt-projets-a-foisons\/\" \/>\n<meta property=\"og:locale\" content=\"fr_FR\" \/>\n<meta property=\"og:type\" content=\"article\" \/>\n<meta property=\"og:title\" content=\"Un d\u00e9but de Printemps tout en Vert &quot;PIGNAN VTT&quot; et des projets \u00e0 foison !!! &#171; Pignan VTT\" \/>\n<meta property=\"og:description\" content=\"C&rsquo;est d&rsquo;un vert \u00ab\u00a0PIGNAN VTT\u00a0\u00bb qu&rsquo;ont \u00e9t\u00e9 color\u00e9 les multiples randos et routes de la r\u00e9gion en ce d\u00e9but de printemps 2017 ! D\u00e9bordant de vitalit\u00e9 et de bonne humeur, les \u00ab\u00a0PignanVTTistes\u00a0\u00bb ont fait roues de toutes part tant en VTT qu&rsquo;en Cyclo-Route. Ils sont l\u00e0 ! Ils sont dans les campagnes ! Ils sont [&hellip;]\" \/>\n<meta property=\"og:url\" content=\"http:\/\/www.pignanvtt.fr\/index.php\/2017\/05\/22\/debut-de-printemps-vert-pignan-vtt-projets-a-foisons\/\" \/>\n<meta property=\"og:site_name\" content=\"Pignan VTT\" \/>\n<meta property=\"article:published_time\" content=\"2017-05-22T07:26:02+00:00\" \/>\n<meta property=\"article:modified_time\" content=\"2017-05-24T19:34:05+00:00\" \/>\n<meta property=\"og:image\" content=\"http:\/\/www.pignanvtt.fr\/pignanvtt\/wp-content\/uploads\/2017\/05\/teamgardiolemourre2017-300x169.jpg\" \/>\n<meta name=\"author\" content=\"clubpignan\" \/>\n<meta name=\"twitter:card\" content=\"summary_large_image\" \/>\n<meta name=\"twitter:label1\" content=\"\u00c9crit par\" \/>\n\t<meta name=\"twitter:data1\" content=\"clubpignan\" \/>\n\t<meta name=\"twitter:label2\" content=\"Dur\u00e9e de lecture estim\u00e9e\" \/>\n\t<meta name=\"twitter:data2\" content=\"2 minutes\" \/>\n<script type=\"application\/ld+json\" class=\"yoast-schema-graph\">{\"@context\":\"https:\/\/schema.org\",\"@graph\":[{\"@type\":\"WebPage\",\"@id\":\"http:\/\/www.pignanvtt.fr\/index.php\/2017\/05\/22\/debut-de-printemps-vert-pignan-vtt-projets-a-foisons\/\",\"url\":\"http:\/\/www.pignanvtt.fr\/index.php\/2017\/05\/22\/debut-de-printemps-vert-pignan-vtt-projets-a-foisons\/\",\"name\":\"Un d\u00e9but de Printemps tout en Vert \\\"PIGNAN VTT\\\" et des projets \u00e0 foison !!! &#171; Pignan VTT\",\"isPartOf\":{\"@id\":\"http:\/\/www.pignanvtt.fr\/#website\"},\"primaryImageOfPage\":{\"@id\":\"http:\/\/www.pignanvtt.fr\/index.php\/2017\/05\/22\/debut-de-printemps-vert-pignan-vtt-projets-a-foisons\/#primaryimage\"},\"image\":{\"@id\":\"http:\/\/www.pignanvtt.fr\/index.php\/2017\/05\/22\/debut-de-printemps-vert-pignan-vtt-projets-a-foisons\/#primaryimage\"},\"thumbnailUrl\":\"http:\/\/www.pignanvtt.fr\/pignanvtt\/wp-content\/uploads\/2017\/05\/teamgardiolemourre2017-300x169.jpg\",\"datePublished\":\"2017-05-22T07:26:02+00:00\",\"dateModified\":\"2017-05-24T19:34:05+00:00\",\"author\":{\"@id\":\"http:\/\/www.pignanvtt.fr\/#\/schema\/person\/27ca9a22654ac32dc7fd65b7401300aa\"},\"breadcrumb\":{\"@id\":\"http:\/\/www.pignanvtt.fr\/index.php\/2017\/05\/22\/debut-de-printemps-vert-pignan-vtt-projets-a-foisons\/#breadcrumb\"},\"inLanguage\":\"fr-FR\",\"potentialAction\":[{\"@type\":\"ReadAction\",\"target\":[\"http:\/\/www.pignanvtt.fr\/index.php\/2017\/05\/22\/debut-de-printemps-vert-pignan-vtt-projets-a-foisons\/\"]}]},{\"@type\":\"ImageObject\",\"inLanguage\":\"fr-FR\",\"@id\":\"http:\/\/www.pignanvtt.fr\/index.php\/2017\/05\/22\/debut-de-printemps-vert-pignan-vtt-projets-a-foisons\/#primaryimage\",\"url\":\"http:\/\/www.pignanvtt.fr\/pignanvtt\/wp-content\/uploads\/2017\/05\/teamgardiolemourre2017-300x169.jpg\",\"contentUrl\":\"http:\/\/www.pignanvtt.fr\/pignanvtt\/wp-content\/uploads\/2017\/05\/teamgardiolemourre2017-300x169.jpg\"},{\"@type\":\"BreadcrumbList\",\"@id\":\"http:\/\/www.pignanvtt.fr\/index.php\/2017\/05\/22\/debut-de-printemps-vert-pignan-vtt-projets-a-foisons\/#breadcrumb\",\"itemListElement\":[{\"@type\":\"ListItem\",\"position\":1,\"name\":\"Accueil\",\"item\":\"http:\/\/www.pignanvtt.fr\/\"},{\"@type\":\"ListItem\",\"position\":2,\"name\":\"Un d\u00e9but de Printemps tout en Vert \u00ab\u00a0PIGNAN VTT\u00a0\u00bb et des projets \u00e0 foison !!!\"}]},{\"@type\":\"WebSite\",\"@id\":\"http:\/\/www.pignanvtt.fr\/#website\",\"url\":\"http:\/\/www.pignanvtt.fr\/\",\"name\":\"Pignan VTT\",\"description\":\"Association Pignan VTT de la commune de PIGNAN (Languedoc-Roussillon, H\u00e9rault, 34)\",\"potentialAction\":[{\"@type\":\"SearchAction\",\"target\":{\"@type\":\"EntryPoint\",\"urlTemplate\":\"http:\/\/www.pignanvtt.fr\/?s={search_term_string}\"},\"query-input\":{\"@type\":\"PropertyValueSpecification\",\"valueRequired\":true,\"valueName\":\"search_term_string\"}}],\"inLanguage\":\"fr-FR\"},{\"@type\":\"Person\",\"@id\":\"http:\/\/www.pignanvtt.fr\/#\/schema\/person\/27ca9a22654ac32dc7fd65b7401300aa\",\"name\":\"clubpignan\",\"image\":{\"@type\":\"ImageObject\",\"inLanguage\":\"fr-FR\",\"@id\":\"http:\/\/www.pignanvtt.fr\/#\/schema\/person\/image\/\",\"url\":\"https:\/\/secure.gravatar.com\/avatar\/d75bececa1d9b0dea97b7864830c750e99456fd3c90e55fcf357bb11dc9f8245?s=96&d=mm&r=g\",\"contentUrl\":\"https:\/\/secure.gravatar.com\/avatar\/d75bececa1d9b0dea97b7864830c750e99456fd3c90e55fcf357bb11dc9f8245?s=96&d=mm&r=g\",\"caption\":\"clubpignan\"},\"url\":\"http:\/\/www.pignanvtt.fr\/index.php\/author\/clubpignan\/\"}]}<\/script>\n<!-- \/ Yoast SEO plugin. -->","yoast_head_json":{"title":"Un d\u00e9but de Printemps tout en Vert \"PIGNAN VTT\" et des projets \u00e0 foison !!! &#171; Pignan VTT","robots":{"index":"index","follow":"follow","max-snippet":"max-snippet:-1","max-image-preview":"max-image-preview:large","max-video-preview":"max-video-preview:-1"},"canonical":"http:\/\/www.pignanvtt.fr\/index.php\/2017\/05\/22\/debut-de-printemps-vert-pignan-vtt-projets-a-foisons\/","og_locale":"fr_FR","og_type":"article","og_title":"Un d\u00e9but de Printemps tout en Vert \"PIGNAN VTT\" et des projets \u00e0 foison !!! &#171; Pignan VTT","og_description":"C&rsquo;est d&rsquo;un vert \u00ab\u00a0PIGNAN VTT\u00a0\u00bb qu&rsquo;ont \u00e9t\u00e9 color\u00e9 les multiples randos et routes de la r\u00e9gion en ce d\u00e9but de printemps 2017 ! D\u00e9bordant de vitalit\u00e9 et de bonne humeur, les \u00ab\u00a0PignanVTTistes\u00a0\u00bb ont fait roues de toutes part tant en VTT qu&rsquo;en Cyclo-Route. Ils sont l\u00e0 ! Ils sont dans les campagnes ! Ils sont [&hellip;]","og_url":"http:\/\/www.pignanvtt.fr\/index.php\/2017\/05\/22\/debut-de-printemps-vert-pignan-vtt-projets-a-foisons\/","og_site_name":"Pignan VTT","article_published_time":"2017-05-22T07:26:02+00:00","article_modified_time":"2017-05-24T19:34:05+00:00","og_image":[{"url":"http:\/\/www.pignanvtt.fr\/pignanvtt\/wp-content\/uploads\/2017\/05\/teamgardiolemourre2017-300x169.jpg","type":"","width":"","height":""}],"author":"clubpignan","twitter_card":"summary_large_image","twitter_misc":{"\u00c9crit par":"clubpignan","Dur\u00e9e de lecture estim\u00e9e":"2 minutes"},"schema":{"@context":"https:\/\/schema.org","@graph":[{"@type":"WebPage","@id":"http:\/\/www.pignanvtt.fr\/index.php\/2017\/05\/22\/debut-de-printemps-vert-pignan-vtt-projets-a-foisons\/","url":"http:\/\/www.pignanvtt.fr\/index.php\/2017\/05\/22\/debut-de-printemps-vert-pignan-vtt-projets-a-foisons\/","name":"Un d\u00e9but de Printemps tout en Vert \"PIGNAN VTT\" et des projets \u00e0 foison !!! &#171; Pignan VTT","isPartOf":{"@id":"http:\/\/www.pignanvtt.fr\/#website"},"primaryImageOfPage":{"@id":"http:\/\/www.pignanvtt.fr\/index.php\/2017\/05\/22\/debut-de-printemps-vert-pignan-vtt-projets-a-foisons\/#primaryimage"},"image":{"@id":"http:\/\/www.pignanvtt.fr\/index.php\/2017\/05\/22\/debut-de-printemps-vert-pignan-vtt-projets-a-foisons\/#primaryimage"},"thumbnailUrl":"http:\/\/www.pignanvtt.fr\/pignanvtt\/wp-content\/uploads\/2017\/05\/teamgardiolemourre2017-300x169.jpg","datePublished":"2017-05-22T07:26:02+00:00","dateModified":"2017-05-24T19:34:05+00:00","author":{"@id":"http:\/\/www.pignanvtt.fr\/#\/schema\/person\/27ca9a22654ac32dc7fd65b7401300aa"},"breadcrumb":{"@id":"http:\/\/www.pignanvtt.fr\/index.php\/2017\/05\/22\/debut-de-printemps-vert-pignan-vtt-projets-a-foisons\/#breadcrumb"},"inLanguage":"fr-FR","potentialAction":[{"@type":"ReadAction","target":["http:\/\/www.pignanvtt.fr\/index.php\/2017\/05\/22\/debut-de-printemps-vert-pignan-vtt-projets-a-foisons\/"]}]},{"@type":"ImageObject","inLanguage":"fr-FR","@id":"http:\/\/www.pignanvtt.fr\/index.php\/2017\/05\/22\/debut-de-printemps-vert-pignan-vtt-projets-a-foisons\/#primaryimage","url":"http:\/\/www.pignanvtt.fr\/pignanvtt\/wp-content\/uploads\/2017\/05\/teamgardiolemourre2017-300x169.jpg","contentUrl":"http:\/\/www.pignanvtt.fr\/pignanvtt\/wp-content\/uploads\/2017\/05\/teamgardiolemourre2017-300x169.jpg"},{"@type":"BreadcrumbList","@id":"http:\/\/www.pignanvtt.fr\/index.php\/2017\/05\/22\/debut-de-printemps-vert-pignan-vtt-projets-a-foisons\/#breadcrumb","itemListElement":[{"@type":"ListItem","position":1,"name":"Accueil","item":"http:\/\/www.pignanvtt.fr\/"},{"@type":"ListItem","position":2,"name":"Un d\u00e9but de Printemps tout en Vert \u00ab\u00a0PIGNAN VTT\u00a0\u00bb et des projets \u00e0 foison !!!"}]},{"@type":"WebSite","@id":"http:\/\/www.pignanvtt.fr\/#website","url":"http:\/\/www.pignanvtt.fr\/","name":"Pignan VTT","description":"Association Pignan VTT de la commune de PIGNAN (Languedoc-Roussillon, H\u00e9rault, 34)","potentialAction":[{"@type":"SearchAction","target":{"@type":"EntryPoint","urlTemplate":"http:\/\/www.pignanvtt.fr\/?s={search_term_string}"},"query-input":{"@type":"PropertyValueSpecification","valueRequired":true,"valueName":"search_term_string"}}],"inLanguage":"fr-FR"},{"@type":"Person","@id":"http:\/\/www.pignanvtt.fr\/#\/schema\/person\/27ca9a22654ac32dc7fd65b7401300aa","name":"clubpignan","image":{"@type":"ImageObject","inLanguage":"fr-FR","@id":"http:\/\/www.pignanvtt.fr\/#\/schema\/person\/image\/","url":"https:\/\/secure.gravatar.com\/avatar\/d75bececa1d9b0dea97b7864830c750e99456fd3c90e55fcf357bb11dc9f8245?s=96&d=mm&r=g","contentUrl":"https:\/\/secure.gravatar.com\/avatar\/d75bececa1d9b0dea97b7864830c750e99456fd3c90e55fcf357bb11dc9f8245?s=96&d=mm&r=g","caption":"clubpignan"},"url":"http:\/\/www.pignanvtt.fr\/index.php\/author\/clubpignan\/"}]}},"_links":{"self":[{"href":"http:\/\/www.pignanvtt.fr\/index.php\/wp-json\/wp\/v2\/posts\/592","targetHints":{"allow":["GET"]}}],"collection":[{"href":"http:\/\/www.pignanvtt.fr\/index.php\/wp-json\/wp\/v2\/posts"}],"about":[{"href":"http:\/\/www.pignanvtt.fr\/index.php\/wp-json\/wp\/v2\/types\/post"}],"author":[{"embeddable":true,"href":"http:\/\/www.pignanvtt.fr\/index.php\/wp-json\/wp\/v2\/users\/1"}],"replies":[{"embeddable":true,"href":"http:\/\/www.pignanvtt.fr\/index.php\/wp-json\/wp\/v2\/comments?post=592"}],"version-history":[{"count":11,"href":"http:\/\/www.pignanvtt.fr\/index.php\/wp-json\/wp\/v2\/posts\/592\/revisions"}],"predecessor-version":[{"id":607,"href":"http:\/\/www.pignanvtt.fr\/index.php\/wp-json\/wp\/v2\/posts\/592\/revisions\/607"}],"wp:attachment":[{"href":"http:\/\/www.pignanvtt.fr\/index.php\/wp-json\/wp\/v2\/media?parent=592"}],"wp:term":[{"taxonomy":"category","embeddable":true,"href":"http:\/\/www.pignanvtt.fr\/index.php\/wp-json\/wp\/v2\/categories?post=592"},{"taxonomy":"post_tag","embeddable":true,"href":"http:\/\/www.pignanvtt.fr\/index.php\/wp-json\/wp\/v2\/tags?post=592"}],"curies":[{"name":"wp","href":"https:\/\/api.w.org\/{rel}","templated":true}]}}