{"id":1146,"date":"2023-09-02T20:46:17","date_gmt":"2023-09-02T18:46:17","guid":{"rendered":"http:\/\/www.pignanvtt.fr\/?p=1146"},"modified":"2023-12-05T16:44:42","modified_gmt":"2023-12-05T15:44:42","slug":"saison-2023-2024","status":"publish","type":"post","link":"http:\/\/www.pignanvtt.fr\/index.php\/2023\/09\/02\/saison-2023-2024\/","title":{"rendered":"Saison 2023-2024"},"content":{"rendered":"\n<p>\u00c7a y est, la nouvelle saison d\u00e9marre et nous sommes impatients de retourner en garrigue.<\/p>\n\n\n\n<p>Si vous souhaitez nous rejoindre , n&rsquo;h\u00e9sitez pas \u00e0 nous contacter. <\/p>\n\n\n\n<p>Pour rappel, vous pouvez venir faire des sorties d&rsquo;essai pour voir si l&rsquo;activit\u00e9 correspond \u00e0 vos attentes.<\/p>\n\n\n\n<p><strong>La premi\u00e8re sortie d&rsquo;essai aura lieu le dimanche 10 Septembre \u00e0 8:30. Rdv sur le parking de la m\u00e9diath\u00e8que \u00e0 Pignan<\/strong>.<strong> Elles continueront les dimanches suivants<\/strong>.<\/p>\n\n\n\n<p>Bien s\u00fbr, casque obligatoire, v\u00e9lo en bon \u00e9tat , de l&rsquo;eau , et de la bonne humeur ! <\/p>\n\n\n\n<p>Les formulaires d&rsquo;inscription sont disponibles <a href=\"http:\/\/www.pignanvtt.fr\/index.php\/adhesion-pignan-vtt\/\">ici<\/a><\/p>\n\n\n\n<p>Pour les renouvellements , rien \u00e0 faire avant Janvier 2024.<\/p>\n\n\n\n<p><\/p>\n\n\n\n<p>Sportivement.<\/p>\n\n\n\n<p><\/p>\n\n\n\n<p>  <\/p>\n","protected":false},"excerpt":{"rendered":"<p>\u00c7a y est, la nouvelle saison d\u00e9marre et nous sommes impatients de retourner en garrigue. Si vous souhaitez nous rejoindre , n&rsquo;h\u00e9sitez pas \u00e0 nous contacter. Pour rappel, vous pouvez venir faire des sorties d&rsquo;essai pour voir si l&rsquo;activit\u00e9 correspond \u00e0 vos attentes. La premi\u00e8re sortie d&rsquo;essai aura lieu le dimanche 10 Septembre \u00e0 8:30. [&hellip;]<\/p>\n","protected":false},"author":8,"featured_media":0,"comment_status":"closed","ping_status":"closed","sticky":false,"template":"","format":"standard","meta":{"footnotes":""},"categories":[1],"tags":[],"class_list":["post-1146","post","type-post","status-publish","format-standard","hentry","category-non-classe"],"yoast_head":"<!-- This site is optimized with the Yoast SEO plugin v25.9 - https:\/\/yoast.com\/wordpress\/plugins\/seo\/ -->\n<title>Saison 2023-2024 &#171; Pignan VTT<\/title>\n<meta name=\"robots\" content=\"index, follow, max-snippet:-1, max-image-preview:large, max-video-preview:-1\" \/>\n<link rel=\"canonical\" href=\"http:\/\/www.pignanvtt.fr\/index.php\/2023\/09\/02\/saison-2023-2024\/\" \/>\n<meta property=\"og:locale\" content=\"fr_FR\" \/>\n<meta property=\"og:type\" content=\"article\" \/>\n<meta property=\"og:title\" content=\"Saison 2023-2024 &#171; Pignan VTT\" \/>\n<meta property=\"og:description\" content=\"\u00c7a y est, la nouvelle saison d\u00e9marre et nous sommes impatients de retourner en garrigue. Si vous souhaitez nous rejoindre , n&rsquo;h\u00e9sitez pas \u00e0 nous contacter. Pour rappel, vous pouvez venir faire des sorties d&rsquo;essai pour voir si l&rsquo;activit\u00e9 correspond \u00e0 vos attentes. La premi\u00e8re sortie d&rsquo;essai aura lieu le dimanche 10 Septembre \u00e0 8:30. [&hellip;]\" \/>\n<meta property=\"og:url\" content=\"http:\/\/www.pignanvtt.fr\/index.php\/2023\/09\/02\/saison-2023-2024\/\" \/>\n<meta property=\"og:site_name\" content=\"Pignan VTT\" \/>\n<meta property=\"article:published_time\" content=\"2023-09-02T18:46:17+00:00\" \/>\n<meta property=\"article:modified_time\" content=\"2023-12-05T15:44:42+00:00\" \/>\n<meta name=\"author\" content=\"Abel LEITE\" \/>\n<meta name=\"twitter:card\" content=\"summary_large_image\" \/>\n<meta name=\"twitter:label1\" content=\"\u00c9crit par\" \/>\n\t<meta name=\"twitter:data1\" content=\"Abel LEITE\" \/>\n\t<meta name=\"twitter:label2\" content=\"Dur\u00e9e de lecture estim\u00e9e\" \/>\n\t<meta name=\"twitter:data2\" content=\"1 minute\" \/>\n<script type=\"application\/ld+json\" class=\"yoast-schema-graph\">{\"@context\":\"https:\/\/schema.org\",\"@graph\":[{\"@type\":\"WebPage\",\"@id\":\"http:\/\/www.pignanvtt.fr\/index.php\/2023\/09\/02\/saison-2023-2024\/\",\"url\":\"http:\/\/www.pignanvtt.fr\/index.php\/2023\/09\/02\/saison-2023-2024\/\",\"name\":\"Saison 2023-2024 &#171; Pignan VTT\",\"isPartOf\":{\"@id\":\"http:\/\/www.pignanvtt.fr\/#website\"},\"datePublished\":\"2023-09-02T18:46:17+00:00\",\"dateModified\":\"2023-12-05T15:44:42+00:00\",\"author\":{\"@id\":\"http:\/\/www.pignanvtt.fr\/#\/schema\/person\/00dbcd8429fd801c47c3283d611c3ea7\"},\"breadcrumb\":{\"@id\":\"http:\/\/www.pignanvtt.fr\/index.php\/2023\/09\/02\/saison-2023-2024\/#breadcrumb\"},\"inLanguage\":\"fr-FR\",\"potentialAction\":[{\"@type\":\"ReadAction\",\"target\":[\"http:\/\/www.pignanvtt.fr\/index.php\/2023\/09\/02\/saison-2023-2024\/\"]}]},{\"@type\":\"BreadcrumbList\",\"@id\":\"http:\/\/www.pignanvtt.fr\/index.php\/2023\/09\/02\/saison-2023-2024\/#breadcrumb\",\"itemListElement\":[{\"@type\":\"ListItem\",\"position\":1,\"name\":\"Accueil\",\"item\":\"http:\/\/www.pignanvtt.fr\/\"},{\"@type\":\"ListItem\",\"position\":2,\"name\":\"Saison 2023-2024\"}]},{\"@type\":\"WebSite\",\"@id\":\"http:\/\/www.pignanvtt.fr\/#website\",\"url\":\"http:\/\/www.pignanvtt.fr\/\",\"name\":\"Pignan VTT\",\"description\":\"Association Pignan VTT de la commune de PIGNAN (Languedoc-Roussillon, H\u00e9rault, 34)\",\"potentialAction\":[{\"@type\":\"SearchAction\",\"target\":{\"@type\":\"EntryPoint\",\"urlTemplate\":\"http:\/\/www.pignanvtt.fr\/?s={search_term_string}\"},\"query-input\":{\"@type\":\"PropertyValueSpecification\",\"valueRequired\":true,\"valueName\":\"search_term_string\"}}],\"inLanguage\":\"fr-FR\"},{\"@type\":\"Person\",\"@id\":\"http:\/\/www.pignanvtt.fr\/#\/schema\/person\/00dbcd8429fd801c47c3283d611c3ea7\",\"name\":\"Abel LEITE\",\"image\":{\"@type\":\"ImageObject\",\"inLanguage\":\"fr-FR\",\"@id\":\"http:\/\/www.pignanvtt.fr\/#\/schema\/person\/image\/\",\"url\":\"https:\/\/secure.gravatar.com\/avatar\/c3f9c563fa383101e582e76e7863f7dfe13d41f2ccbd53e72505094c7e16a8f9?s=96&d=mm&r=g\",\"contentUrl\":\"https:\/\/secure.gravatar.com\/avatar\/c3f9c563fa383101e582e76e7863f7dfe13d41f2ccbd53e72505094c7e16a8f9?s=96&d=mm&r=g\",\"caption\":\"Abel LEITE\"},\"url\":\"http:\/\/www.pignanvtt.fr\/index.php\/author\/abel\/\"}]}<\/script>\n<!-- \/ Yoast SEO plugin. -->","yoast_head_json":{"title":"Saison 2023-2024 &#171; Pignan VTT","robots":{"index":"index","follow":"follow","max-snippet":"max-snippet:-1","max-image-preview":"max-image-preview:large","max-video-preview":"max-video-preview:-1"},"canonical":"http:\/\/www.pignanvtt.fr\/index.php\/2023\/09\/02\/saison-2023-2024\/","og_locale":"fr_FR","og_type":"article","og_title":"Saison 2023-2024 &#171; Pignan VTT","og_description":"\u00c7a y est, la nouvelle saison d\u00e9marre et nous sommes impatients de retourner en garrigue. Si vous souhaitez nous rejoindre , n&rsquo;h\u00e9sitez pas \u00e0 nous contacter. Pour rappel, vous pouvez venir faire des sorties d&rsquo;essai pour voir si l&rsquo;activit\u00e9 correspond \u00e0 vos attentes. La premi\u00e8re sortie d&rsquo;essai aura lieu le dimanche 10 Septembre \u00e0 8:30. [&hellip;]","og_url":"http:\/\/www.pignanvtt.fr\/index.php\/2023\/09\/02\/saison-2023-2024\/","og_site_name":"Pignan VTT","article_published_time":"2023-09-02T18:46:17+00:00","article_modified_time":"2023-12-05T15:44:42+00:00","author":"Abel LEITE","twitter_card":"summary_large_image","twitter_misc":{"\u00c9crit par":"Abel LEITE","Dur\u00e9e de lecture estim\u00e9e":"1 minute"},"schema":{"@context":"https:\/\/schema.org","@graph":[{"@type":"WebPage","@id":"http:\/\/www.pignanvtt.fr\/index.php\/2023\/09\/02\/saison-2023-2024\/","url":"http:\/\/www.pignanvtt.fr\/index.php\/2023\/09\/02\/saison-2023-2024\/","name":"Saison 2023-2024 &#171; Pignan VTT","isPartOf":{"@id":"http:\/\/www.pignanvtt.fr\/#website"},"datePublished":"2023-09-02T18:46:17+00:00","dateModified":"2023-12-05T15:44:42+00:00","author":{"@id":"http:\/\/www.pignanvtt.fr\/#\/schema\/person\/00dbcd8429fd801c47c3283d611c3ea7"},"breadcrumb":{"@id":"http:\/\/www.pignanvtt.fr\/index.php\/2023\/09\/02\/saison-2023-2024\/#breadcrumb"},"inLanguage":"fr-FR","potentialAction":[{"@type":"ReadAction","target":["http:\/\/www.pignanvtt.fr\/index.php\/2023\/09\/02\/saison-2023-2024\/"]}]},{"@type":"BreadcrumbList","@id":"http:\/\/www.pignanvtt.fr\/index.php\/2023\/09\/02\/saison-2023-2024\/#breadcrumb","itemListElement":[{"@type":"ListItem","position":1,"name":"Accueil","item":"http:\/\/www.pignanvtt.fr\/"},{"@type":"ListItem","position":2,"name":"Saison 2023-2024"}]},{"@type":"WebSite","@id":"http:\/\/www.pignanvtt.fr\/#website","url":"http:\/\/www.pignanvtt.fr\/","name":"Pignan VTT","description":"Association Pignan VTT de la commune de PIGNAN (Languedoc-Roussillon, H\u00e9rault, 34)","potentialAction":[{"@type":"SearchAction","target":{"@type":"EntryPoint","urlTemplate":"http:\/\/www.pignanvtt.fr\/?s={search_term_string}"},"query-input":{"@type":"PropertyValueSpecification","valueRequired":true,"valueName":"search_term_string"}}],"inLanguage":"fr-FR"},{"@type":"Person","@id":"http:\/\/www.pignanvtt.fr\/#\/schema\/person\/00dbcd8429fd801c47c3283d611c3ea7","name":"Abel LEITE","image":{"@type":"ImageObject","inLanguage":"fr-FR","@id":"http:\/\/www.pignanvtt.fr\/#\/schema\/person\/image\/","url":"https:\/\/secure.gravatar.com\/avatar\/c3f9c563fa383101e582e76e7863f7dfe13d41f2ccbd53e72505094c7e16a8f9?s=96&d=mm&r=g","contentUrl":"https:\/\/secure.gravatar.com\/avatar\/c3f9c563fa383101e582e76e7863f7dfe13d41f2ccbd53e72505094c7e16a8f9?s=96&d=mm&r=g","caption":"Abel LEITE"},"url":"http:\/\/www.pignanvtt.fr\/index.php\/author\/abel\/"}]}},"_links":{"self":[{"href":"http:\/\/www.pignanvtt.fr\/index.php\/wp-json\/wp\/v2\/posts\/1146","targetHints":{"allow":["GET"]}}],"collection":[{"href":"http:\/\/www.pignanvtt.fr\/index.php\/wp-json\/wp\/v2\/posts"}],"about":[{"href":"http:\/\/www.pignanvtt.fr\/index.php\/wp-json\/wp\/v2\/types\/post"}],"author":[{"embeddable":true,"href":"http:\/\/www.pignanvtt.fr\/index.php\/wp-json\/wp\/v2\/users\/8"}],"replies":[{"embeddable":true,"href":"http:\/\/www.pignanvtt.fr\/index.php\/wp-json\/wp\/v2\/comments?post=1146"}],"version-history":[{"count":7,"href":"http:\/\/www.pignanvtt.fr\/index.php\/wp-json\/wp\/v2\/posts\/1146\/revisions"}],"predecessor-version":[{"id":1160,"href":"http:\/\/www.pignanvtt.fr\/index.php\/wp-json\/wp\/v2\/posts\/1146\/revisions\/1160"}],"wp:attachment":[{"href":"http:\/\/www.pignanvtt.fr\/index.php\/wp-json\/wp\/v2\/media?parent=1146"}],"wp:term":[{"taxonomy":"category","embeddable":true,"href":"http:\/\/www.pignanvtt.fr\/index.php\/wp-json\/wp\/v2\/categories?post=1146"},{"taxonomy":"post_tag","embeddable":true,"href":"http:\/\/www.pignanvtt.fr\/index.php\/wp-json\/wp\/v2\/tags?post=1146"}],"curies":[{"name":"wp","href":"https:\/\/api.w.org\/{rel}","templated":true}]}}